{"id":3035,"date":"2019-10-13T10:33:00","date_gmt":"2019-10-13T08:33:00","guid":{"rendered":"https:\/\/www.galerie-messmer.de\/non-classifiee\/manfred-fischer-dans-le-visage\/"},"modified":"2022-05-20T14:02:58","modified_gmt":"2022-05-20T12:02:58","slug":"manfred-fischer-dans-le-visage","status":"publish","type":"post","link":"https:\/\/www.galerie-messmer.de\/fr\/manfred-fischer-dans-le-visage\/","title":{"rendered":"Manfred Fischer &#8211; Dans le visage"},"content":{"rendered":"\t\t<div data-elementor-type=\"wp-post\" data-elementor-id=\"3035\" class=\"elementor elementor-3035 elementor-1289\" data-elementor-post-type=\"post\">\n\t\t\t\t\t\t<section class=\"elementor-section elementor-top-section elementor-element elementor-element-4efc870 elementor-section-full_width elementor-section-height-min-height elementor-section-height-default elementor-section-items-middle\" data-id=\"4efc870\" data-element_type=\"section\" data-e-type=\"section\" data-settings=\"{&quot;background_background&quot;:&quot;slideshow&quot;,&quot;background_slideshow_gallery&quot;:[{&quot;id&quot;:1294,&quot;url&quot;:&quot;https:\\\/\\\/www.galerie-messmer.de\\\/wp-content\\\/uploads\\\/2022\\\/04\\\/Kopf-schwarz_gelb-2003.jpg&quot;},{&quot;id&quot;:1290,&quot;url&quot;:&quot;https:\\\/\\\/www.galerie-messmer.de\\\/wp-content\\\/uploads\\\/2022\\\/04\\\/Seitenlage-Diptychon-2017.jpg&quot;}],&quot;background_slideshow_ken_burns&quot;:&quot;yes&quot;,&quot;background_slideshow_loop&quot;:&quot;yes&quot;,&quot;background_slideshow_slide_duration&quot;:5000,&quot;background_slideshow_slide_transition&quot;:&quot;fade&quot;,&quot;background_slideshow_transition_duration&quot;:500,&quot;background_slideshow_ken_burns_zoom_direction&quot;:&quot;in&quot;}\">\n\t\t\t\t\t\t\t<div class=\"elementor-background-overlay\"><\/div>\n\t\t\t\t\t\t\t<div class=\"elementor-container elementor-column-gap-no\">\n\t\t\t\t\t<div class=\"elementor-column elementor-col-100 elementor-top-column elementor-element elementor-element-4ccc968\" data-id=\"4ccc968\" data-element_type=\"column\" data-e-type=\"column\">\n\t\t\t<div class=\"elementor-widget-wrap elementor-element-populated\">\n\t\t\t\t\t\t<div class=\"elementor-element elementor-element-7ddc185 elementor-invisible elementor-widget elementor-widget-heading\" data-id=\"7ddc185\" data-element_type=\"widget\" data-e-type=\"widget\" data-settings=\"{&quot;_animation&quot;:&quot;fadeInUp&quot;}\" data-widget_type=\"heading.default\">\n\t\t\t\t<div class=\"elementor-widget-container\">\n\t\t\t\t\t<h1 class=\"elementor-heading-title elementor-size-default\">Manfred Fisher<\/h1>\t\t\t\t<\/div>\n\t\t\t\t<\/div>\n\t\t\t\t<div class=\"elementor-element elementor-element-f11ba5a elementor-invisible elementor-widget elementor-widget-heading\" data-id=\"f11ba5a\" data-element_type=\"widget\" data-e-type=\"widget\" data-settings=\"{&quot;_animation&quot;:&quot;fadeInUp&quot;,&quot;_animation_delay&quot;:200}\" data-widget_type=\"heading.default\">\n\t\t\t\t<div class=\"elementor-widget-container\">\n\t\t\t\t\t<h2 class=\"elementor-heading-title elementor-size-default\">dans le visage<\/h2>\t\t\t\t<\/div>\n\t\t\t\t<\/div>\n\t\t\t\t<div class=\"elementor-element elementor-element-4af31a7 elementor-align-center elementor-invisible elementor-widget elementor-widget-button\" data-id=\"4af31a7\" data-element_type=\"widget\" data-e-type=\"widget\" data-settings=\"{&quot;_animation&quot;:&quot;fadeInUp&quot;,&quot;_animation_delay&quot;:400}\" data-widget_type=\"button.default\">\n\t\t\t\t<div class=\"elementor-widget-container\">\n\t\t\t\t\t\t\t\t\t<div class=\"elementor-button-wrapper\">\n\t\t\t\t\t<a class=\"elementor-button elementor-button-link elementor-size-sm\" href=\"#suivant\">\n\t\t\t\t\t\t<span class=\"elementor-button-content-wrapper\">\n\t\t\t\t\t\t<span class=\"elementor-button-icon\">\n\t\t\t\t<i aria-hidden=\"true\" class=\"fas fa-arrow-down\"><\/i>\t\t\t<\/span>\n\t\t\t\t\t\t\t\t\t<span class=\"elementor-button-text\">voir l'exposition<\/span>\n\t\t\t\t\t<\/span>\n\t\t\t\t\t<\/a>\n\t\t\t\t<\/div>\n\t\t\t\t\t\t\t\t<\/div>\n\t\t\t\t<\/div>\n\t\t\t\t\t<\/div>\n\t\t<\/div>\n\t\t\t\t\t<\/div>\n\t\t<\/section>\n\t\t\t\t<section class=\"elementor-section elementor-top-section elementor-element elementor-element-742f8a6 elementor-section-boxed elementor-section-height-default elementor-section-height-default\" data-id=\"742f8a6\" data-element_type=\"section\" data-e-type=\"section\" id=\"next\">\n\t\t\t\t\t\t<div class=\"elementor-container elementor-column-gap-default\">\n\t\t\t\t\t<div class=\"elementor-column elementor-col-100 elementor-top-column elementor-element elementor-element-72ba0e8\" data-id=\"72ba0e8\" data-element_type=\"column\" data-e-type=\"column\">\n\t\t\t<div class=\"elementor-widget-wrap elementor-element-populated\">\n\t\t\t\t\t\t<div class=\"elementor-element elementor-element-2edeb11 elementor-widget elementor-widget-heading\" data-id=\"2edeb11\" data-element_type=\"widget\" data-e-type=\"widget\" data-widget_type=\"heading.default\">\n\t\t\t\t<div class=\"elementor-widget-container\">\n\t\t\t\t\t<h2 class=\"elementor-heading-title elementor-size-default\">13 octobre 2019 \u2013 01 d\u00e9cembre 2019<\/h2>\t\t\t\t<\/div>\n\t\t\t\t<\/div>\n\t\t\t\t<div class=\"elementor-element elementor-element-16bc2f6 elementor-widget elementor-widget-text-editor\" data-id=\"16bc2f6\" data-element_type=\"widget\" data-e-type=\"widget\" data-widget_type=\"text-editor.default\">\n\t\t\t\t<div class=\"elementor-widget-container\">\n\t\t\t\t\t\t\t\t\t<div class=\"wp-block-media-text__content\">L&rsquo;artiste, n\u00e9 \u00e0 M\u00fcnsterwald en 1950, a d&rsquo;abord \u00e9tudi\u00e9 le droit \u00e0 Marburg, apr\u00e8s avoir r\u00e9ussi le premier examen d&rsquo;\u00c9tat, il est pass\u00e9 \u00e0 l&rsquo;Universit\u00e9 des Arts de Berlin. Il a termin\u00e9 ses \u00e9tudes d&rsquo;art en 1981 en tant qu&rsquo;\u00e9tudiant \u00e0 la ma\u00eetrise. Depuis 1987, il enseigne \u00e0 l&rsquo;Universit\u00e9 des Arts de Berlin et \u00e0 l&rsquo;Universit\u00e9 technique de Braunschweig. Ses \u0153uvres sont pr\u00e9sent\u00e9es dans de nombreuses expositions individuelles et collectives nationales et internationales. Les \u0153uvres de Fischer sont \u00e9galement repr\u00e9sent\u00e9es dans de nombreuses collections publiques et priv\u00e9es, comme la collection de la Chancellerie f\u00e9d\u00e9rale ou l&rsquo;usine Volkswagen.<\/div><div>Dans les ann\u00e9es 1970, Fischer est encore associ\u00e9 aux r\u00e9alistes berlinois.Dans les ann\u00e9es 1980, Fischer d\u00e9veloppe un style d&rsquo;expression expressif et dynamique qui l&rsquo;\u00e9loigne du r\u00e9alisme pur de la d\u00e9cennie pr\u00e9c\u00e9dente. Aujourd&rsquo;hui encore, son travail se caract\u00e9rise par un coup de pinceau expressif. La t\u00eate humaine est un motif central dans l&rsquo;\u0153uvre de Fischer. Fischer l&rsquo;utilise comme un symbole pour les r\u00eaves et les d\u00e9sirs humains, mais aussi pour des \u00e9motions plus profondes ou cach\u00e9es. Dans un processus compliqu\u00e9 d&rsquo;application et d&rsquo;enl\u00e8vement de peinture avec des gouttes et des d\u00e9grad\u00e9s de couleurs, Fischer a travaill\u00e9 couche par couche le motif d&rsquo;une t\u00eate hors de son monde pictural dynamique, offrant ainsi une m\u00e9taphore de la r\u00e9bellion humaine des sentiments et des associations.<\/div>\t\t\t\t\t\t\t\t<\/div>\n\t\t\t\t<\/div>\n\t\t\t\t\t<\/div>\n\t\t<\/div>\n\t\t\t\t\t<\/div>\n\t\t<\/section>\n\t\t\t\t<section class=\"elementor-section elementor-top-section elementor-element elementor-element-155ab1c elementor-section-full_width elementor-section-height-default elementor-section-height-default\" data-id=\"155ab1c\" data-element_type=\"section\" data-e-type=\"section\">\n\t\t\t\t\t\t<div class=\"elementor-container elementor-column-gap-default\">\n\t\t\t\t\t<div class=\"elementor-column elementor-col-100 elementor-top-column elementor-element elementor-element-5391a63\" data-id=\"5391a63\" data-element_type=\"column\" data-e-type=\"column\">\n\t\t\t<div class=\"elementor-widget-wrap elementor-element-populated\">\n\t\t\t\t\t\t<div class=\"elementor-element elementor-element-1fc5e99 elementor-widget elementor-widget-heading\" data-id=\"1fc5e99\" data-element_type=\"widget\" data-e-type=\"widget\" data-widget_type=\"heading.default\">\n\t\t\t\t<div class=\"elementor-widget-container\">\n\t\t\t\t\t<h2 class=\"elementor-heading-title elementor-size-default\">\u0152uvres de Manfred Fischer<\/h2>\t\t\t\t<\/div>\n\t\t\t\t<\/div>\n\t\t\t\t<div class=\"elementor-element elementor-element-e8bfeb9 elementor-widget elementor-widget-gallery\" data-id=\"e8bfeb9\" data-element_type=\"widget\" data-e-type=\"widget\" data-settings=\"{&quot;gallery_layout&quot;:&quot;masonry&quot;,&quot;columns&quot;:3,&quot;gap&quot;:{&quot;unit&quot;:&quot;px&quot;,&quot;size&quot;:24,&quot;sizes&quot;:[]},&quot;lazyload&quot;:&quot;yes&quot;,&quot;columns_tablet&quot;:2,&quot;columns_mobile&quot;:1,&quot;gap_tablet&quot;:{&quot;unit&quot;:&quot;px&quot;,&quot;size&quot;:10,&quot;sizes&quot;:[]},&quot;gap_mobile&quot;:{&quot;unit&quot;:&quot;px&quot;,&quot;size&quot;:10,&quot;sizes&quot;:[]},&quot;link_to&quot;:&quot;file&quot;,&quot;content_hover_animation&quot;:&quot;fade-in&quot;}\" data-widget_type=\"gallery.default\">\n\t\t\t\t<div class=\"elementor-widget-container\">\n\t\t\t\t\t\t\t<div class=\"elementor-gallery__container\">\n\t\t\t\t\t\t\t<a class=\"e-gallery-item elementor-gallery-item elementor-animated-content\" href=\"https:\/\/www.galerie-messmer.de\/wp-content\/uploads\/2022\/04\/Mit-Rot-gegen-das-Gruen-2019-Malerei-auf-Leinwand-160x120cm_verkleinert2-scaled.jpg\" data-elementor-open-lightbox=\"yes\" data-elementor-lightbox-slideshow=\"e8bfeb9\" data-e-action-hash=\"#elementor-action%3Aaction%3Dlightbox%26settings%3DeyJpZCI6MTI5NSwidXJsIjoiaHR0cHM6XC9cL3d3dy5nYWxlcmllLW1lc3NtZXIuZGVcL3dwLWNvbnRlbnRcL3VwbG9hZHNcLzIwMjJcLzA0XC9NaXQtUm90LWdlZ2VuLWRhcy1HcnVlbi0yMDE5LU1hbGVyZWktYXVmLUxlaW53YW5kLTE2MHgxMjBjbV92ZXJrbGVpbmVydDItc2NhbGVkLmpwZyIsInNsaWRlc2hvdyI6ImU4YmZlYjkifQ%3D%3D\">\n\t\t\t\t\t<div class=\"e-gallery-image elementor-gallery-item__image\" data-thumbnail=\"https:\/\/www.galerie-messmer.de\/wp-content\/uploads\/2022\/04\/Mit-Rot-gegen-das-Gruen-2019-Malerei-auf-Leinwand-160x120cm_verkleinert2-768x1123.jpg\" data-width=\"768\" data-height=\"1123\" aria-label=\"\" role=\"img\" ><\/div>\n\t\t\t\t\t\t\t\t\t\t\t\t\t\t<\/a>\n\t\t\t\t\t\t\t<a class=\"e-gallery-item elementor-gallery-item elementor-animated-content\" href=\"https:\/\/www.galerie-messmer.de\/wp-content\/uploads\/2022\/04\/Kopf-schwarz_gelb-2003.jpg\" data-elementor-open-lightbox=\"yes\" data-elementor-lightbox-slideshow=\"e8bfeb9\" data-e-action-hash=\"#elementor-action%3Aaction%3Dlightbox%26settings%3DeyJpZCI6MTI5NCwidXJsIjoiaHR0cHM6XC9cL3d3dy5nYWxlcmllLW1lc3NtZXIuZGVcL3dwLWNvbnRlbnRcL3VwbG9hZHNcLzIwMjJcLzA0XC9Lb3BmLXNjaHdhcnpfZ2VsYi0yMDAzLmpwZyIsInNsaWRlc2hvdyI6ImU4YmZlYjkifQ%3D%3D\">\n\t\t\t\t\t<div class=\"e-gallery-image elementor-gallery-item__image\" data-thumbnail=\"https:\/\/www.galerie-messmer.de\/wp-content\/uploads\/2022\/04\/Kopf-schwarz_gelb-2003-768x535.jpg\" data-width=\"768\" data-height=\"535\" aria-label=\"\" role=\"img\" ><\/div>\n\t\t\t\t\t\t\t\t\t\t\t\t\t\t<\/a>\n\t\t\t\t\t\t\t<a class=\"e-gallery-item elementor-gallery-item elementor-animated-content\" href=\"https:\/\/www.galerie-messmer.de\/wp-content\/uploads\/2022\/04\/Kleiner-hellblauer-Kopf-2018.jpeg\" data-elementor-open-lightbox=\"yes\" data-elementor-lightbox-slideshow=\"e8bfeb9\" data-e-action-hash=\"#elementor-action%3Aaction%3Dlightbox%26settings%3DeyJpZCI6MTI5MywidXJsIjoiaHR0cHM6XC9cL3d3dy5nYWxlcmllLW1lc3NtZXIuZGVcL3dwLWNvbnRlbnRcL3VwbG9hZHNcLzIwMjJcLzA0XC9LbGVpbmVyLWhlbGxibGF1ZXItS29wZi0yMDE4LmpwZWciLCJzbGlkZXNob3ciOiJlOGJmZWI5In0%3D\">\n\t\t\t\t\t<div class=\"e-gallery-image elementor-gallery-item__image\" data-thumbnail=\"https:\/\/www.galerie-messmer.de\/wp-content\/uploads\/2022\/04\/Kleiner-hellblauer-Kopf-2018-768x1108.jpeg\" data-width=\"768\" data-height=\"1108\" aria-label=\"\" role=\"img\" ><\/div>\n\t\t\t\t\t\t\t\t\t\t\t\t\t\t<\/a>\n\t\t\t\t\t\t\t<a class=\"e-gallery-item elementor-gallery-item elementor-animated-content\" href=\"https:\/\/www.galerie-messmer.de\/wp-content\/uploads\/2022\/04\/Indianerkopf-Lithografie.jpg\" data-elementor-open-lightbox=\"yes\" data-elementor-lightbox-slideshow=\"e8bfeb9\" data-e-action-hash=\"#elementor-action%3Aaction%3Dlightbox%26settings%3DeyJpZCI6MTI5MiwidXJsIjoiaHR0cHM6XC9cL3d3dy5nYWxlcmllLW1lc3NtZXIuZGVcL3dwLWNvbnRlbnRcL3VwbG9hZHNcLzIwMjJcLzA0XC9JbmRpYW5lcmtvcGYtTGl0aG9ncmFmaWUuanBnIiwic2xpZGVzaG93IjoiZThiZmViOSJ9\">\n\t\t\t\t\t<div class=\"e-gallery-image elementor-gallery-item__image\" data-thumbnail=\"https:\/\/www.galerie-messmer.de\/wp-content\/uploads\/2022\/04\/Indianerkopf-Lithografie-768x1444.jpg\" data-width=\"768\" data-height=\"1444\" aria-label=\"\" role=\"img\" ><\/div>\n\t\t\t\t\t\t\t\t\t\t\t\t\t\t<\/a>\n\t\t\t\t\t\t\t<a class=\"e-gallery-item elementor-gallery-item elementor-animated-content\" href=\"https:\/\/www.galerie-messmer.de\/wp-content\/uploads\/2022\/04\/Blauer-Kopf-2019-Malerei-auf-Leinwand-120x80-cm--scaled.jpg\" data-elementor-open-lightbox=\"yes\" data-elementor-lightbox-slideshow=\"e8bfeb9\" data-e-action-hash=\"#elementor-action%3Aaction%3Dlightbox%26settings%3DeyJpZCI6MTI5MSwidXJsIjoiaHR0cHM6XC9cL3d3dy5nYWxlcmllLW1lc3NtZXIuZGVcL3dwLWNvbnRlbnRcL3VwbG9hZHNcLzIwMjJcLzA0XC9CbGF1ZXItS29wZi0yMDE5LU1hbGVyZWktYXVmLUxlaW53YW5kLTEyMHg4MC1jbS0tc2NhbGVkLmpwZyIsInNsaWRlc2hvdyI6ImU4YmZlYjkifQ%3D%3D\">\n\t\t\t\t\t<div class=\"e-gallery-image elementor-gallery-item__image\" data-thumbnail=\"https:\/\/www.galerie-messmer.de\/wp-content\/uploads\/2022\/04\/Blauer-Kopf-2019-Malerei-auf-Leinwand-120x80-cm--768x1126.jpg\" data-width=\"768\" data-height=\"1126\" aria-label=\"\" role=\"img\" ><\/div>\n\t\t\t\t\t\t\t\t\t\t\t\t\t\t<\/a>\n\t\t\t\t\t\t\t<a class=\"e-gallery-item elementor-gallery-item elementor-animated-content\" href=\"https:\/\/www.galerie-messmer.de\/wp-content\/uploads\/2022\/04\/Seitenlage-Diptychon-2017.jpg\" data-elementor-open-lightbox=\"yes\" data-elementor-lightbox-slideshow=\"e8bfeb9\" data-elementor-lightbox-title=\"dav\" data-e-action-hash=\"#elementor-action%3Aaction%3Dlightbox%26settings%3DeyJpZCI6MTI5MCwidXJsIjoiaHR0cHM6XC9cL3d3dy5nYWxlcmllLW1lc3NtZXIuZGVcL3dwLWNvbnRlbnRcL3VwbG9hZHNcLzIwMjJcLzA0XC9TZWl0ZW5sYWdlLURpcHR5Y2hvbi0yMDE3LmpwZyIsInNsaWRlc2hvdyI6ImU4YmZlYjkifQ%3D%3D\">\n\t\t\t\t\t<div class=\"e-gallery-image elementor-gallery-item__image\" data-thumbnail=\"https:\/\/www.galerie-messmer.de\/wp-content\/uploads\/2022\/04\/Seitenlage-Diptychon-2017-768x551.jpg\" data-width=\"768\" data-height=\"551\" aria-label=\"\" role=\"img\" ><\/div>\n\t\t\t\t\t\t\t\t\t\t\t\t\t\t<\/a>\n\t\t\t\t\t<\/div>\n\t\t\t\t\t<\/div>\n\t\t\t\t<\/div>\n\t\t\t\t\t<\/div>\n\t\t<\/div>\n\t\t\t\t\t<\/div>\n\t\t<\/section>\n\t\t\t\t<\/div>\n\t\t","protected":false},"excerpt":{"rendered":"<p>13 octobre 2019 \u2013 01 d\u00e9cembre 2019<\/p>\n","protected":false},"author":1,"featured_media":2674,"comment_status":"open","ping_status":"open","sticky":false,"template":"","format":"standard","meta":{"footnotes":""},"categories":[11,215],"tags":[],"class_list":["post-3035","post","type-post","status-publish","format-standard","has-post-thumbnail","hentry","category-ausstellung","category-exposition-fr"],"yoast_head":"<!-- This site is optimized with the Yoast SEO plugin v27.5 - https:\/\/yoast.com\/product\/yoast-seo-wordpress\/ -->\n<title>Manfred Fischer - Dans le visage - Galerie Messmer<\/title>\n<meta name=\"robots\" content=\"index, follow, max-snippet:-1, max-image-preview:large, max-video-preview:-1\" \/>\n<link rel=\"canonical\" href=\"https:\/\/www.galerie-messmer.de\/fr\/manfred-fischer-dans-le-visage\/\" \/>\n<meta property=\"og:locale\" content=\"fr_FR\" \/>\n<meta property=\"og:type\" content=\"article\" \/>\n<meta property=\"og:title\" content=\"Manfred Fischer - Dans le visage - Galerie Messmer\" \/>\n<meta property=\"og:description\" content=\"13 octobre 2019 \u2013 01 d\u00e9cembre 2019\" \/>\n<meta property=\"og:url\" content=\"https:\/\/www.galerie-messmer.de\/fr\/manfred-fischer-dans-le-visage\/\" \/>\n<meta property=\"og:site_name\" content=\"Galerie Messmer\" \/>\n<meta property=\"article:published_time\" content=\"2019-10-13T08:33:00+00:00\" \/>\n<meta property=\"article:modified_time\" content=\"2022-05-20T12:02:58+00:00\" \/>\n<meta property=\"og:image\" content=\"https:\/\/www.galerie-messmer.de\/wp-content\/uploads\/2022\/04\/Kopf-schwarz_gelb-2003.jpg\" \/>\n\t<meta property=\"og:image:width\" content=\"1430\" \/>\n\t<meta property=\"og:image:height\" content=\"996\" \/>\n\t<meta property=\"og:image:type\" content=\"image\/jpeg\" \/>\n<meta name=\"author\" content=\"ErikLachfeld\" \/>\n<meta name=\"twitter:card\" content=\"summary_large_image\" \/>\n<meta name=\"twitter:label1\" content=\"\u00c9crit par\" \/>\n\t<meta name=\"twitter:data1\" content=\"ErikLachfeld\" \/>\n\t<meta name=\"twitter:label2\" content=\"Dur\u00e9e de lecture estim\u00e9e\" \/>\n\t<meta name=\"twitter:data2\" content=\"1 minute\" \/>\n<script type=\"application\/ld+json\" class=\"yoast-schema-graph\">{\"@context\":\"https:\\\/\\\/schema.org\",\"@graph\":[{\"@type\":\"Article\",\"@id\":\"https:\\\/\\\/www.galerie-messmer.de\\\/fr\\\/manfred-fischer-dans-le-visage\\\/#article\",\"isPartOf\":{\"@id\":\"https:\\\/\\\/www.galerie-messmer.de\\\/fr\\\/manfred-fischer-dans-le-visage\\\/\"},\"author\":{\"name\":\"ErikLachfeld\",\"@id\":\"https:\\\/\\\/www.galerie-messmer.de\\\/fr\\\/#\\\/schema\\\/person\\\/e16a7716632ed3aaf680bb16c41bb7d3\"},\"headline\":\"Manfred Fischer &#8211; Dans le visage\",\"datePublished\":\"2019-10-13T08:33:00+00:00\",\"dateModified\":\"2022-05-20T12:02:58+00:00\",\"mainEntityOfPage\":{\"@id\":\"https:\\\/\\\/www.galerie-messmer.de\\\/fr\\\/manfred-fischer-dans-le-visage\\\/\"},\"wordCount\":276,\"commentCount\":0,\"publisher\":{\"@id\":\"https:\\\/\\\/www.galerie-messmer.de\\\/fr\\\/#organization\"},\"image\":{\"@id\":\"https:\\\/\\\/www.galerie-messmer.de\\\/fr\\\/manfred-fischer-dans-le-visage\\\/#primaryimage\"},\"thumbnailUrl\":\"https:\\\/\\\/www.galerie-messmer.de\\\/wp-content\\\/uploads\\\/2022\\\/04\\\/Kopf-schwarz_gelb-2003.jpg\",\"articleSection\":[\"Ausstellung\",\"exposition\"],\"inLanguage\":\"fr-FR\"},{\"@type\":\"WebPage\",\"@id\":\"https:\\\/\\\/www.galerie-messmer.de\\\/fr\\\/manfred-fischer-dans-le-visage\\\/\",\"url\":\"https:\\\/\\\/www.galerie-messmer.de\\\/fr\\\/manfred-fischer-dans-le-visage\\\/\",\"name\":\"Manfred Fischer - Dans le visage - Galerie Messmer\",\"isPartOf\":{\"@id\":\"https:\\\/\\\/www.galerie-messmer.de\\\/fr\\\/#website\"},\"primaryImageOfPage\":{\"@id\":\"https:\\\/\\\/www.galerie-messmer.de\\\/fr\\\/manfred-fischer-dans-le-visage\\\/#primaryimage\"},\"image\":{\"@id\":\"https:\\\/\\\/www.galerie-messmer.de\\\/fr\\\/manfred-fischer-dans-le-visage\\\/#primaryimage\"},\"thumbnailUrl\":\"https:\\\/\\\/www.galerie-messmer.de\\\/wp-content\\\/uploads\\\/2022\\\/04\\\/Kopf-schwarz_gelb-2003.jpg\",\"datePublished\":\"2019-10-13T08:33:00+00:00\",\"dateModified\":\"2022-05-20T12:02:58+00:00\",\"breadcrumb\":{\"@id\":\"https:\\\/\\\/www.galerie-messmer.de\\\/fr\\\/manfred-fischer-dans-le-visage\\\/#breadcrumb\"},\"inLanguage\":\"fr-FR\",\"potentialAction\":[{\"@type\":\"ReadAction\",\"target\":[\"https:\\\/\\\/www.galerie-messmer.de\\\/fr\\\/manfred-fischer-dans-le-visage\\\/\"]}]},{\"@type\":\"ImageObject\",\"inLanguage\":\"fr-FR\",\"@id\":\"https:\\\/\\\/www.galerie-messmer.de\\\/fr\\\/manfred-fischer-dans-le-visage\\\/#primaryimage\",\"url\":\"https:\\\/\\\/www.galerie-messmer.de\\\/wp-content\\\/uploads\\\/2022\\\/04\\\/Kopf-schwarz_gelb-2003.jpg\",\"contentUrl\":\"https:\\\/\\\/www.galerie-messmer.de\\\/wp-content\\\/uploads\\\/2022\\\/04\\\/Kopf-schwarz_gelb-2003.jpg\",\"width\":1430,\"height\":996},{\"@type\":\"BreadcrumbList\",\"@id\":\"https:\\\/\\\/www.galerie-messmer.de\\\/fr\\\/manfred-fischer-dans-le-visage\\\/#breadcrumb\",\"itemListElement\":[{\"@type\":\"ListItem\",\"position\":1,\"name\":\"Startseite\",\"item\":\"https:\\\/\\\/www.galerie-messmer.de\\\/fr\\\/domicile\\\/\"},{\"@type\":\"ListItem\",\"position\":2,\"name\":\"Manfred Fischer &#8211; Dans le visage\"}]},{\"@type\":\"WebSite\",\"@id\":\"https:\\\/\\\/www.galerie-messmer.de\\\/fr\\\/#website\",\"url\":\"https:\\\/\\\/www.galerie-messmer.de\\\/fr\\\/\",\"name\":\"Galerie Messmer\",\"description\":\"Die Kunstgalerie am Kaiserstuhl\",\"publisher\":{\"@id\":\"https:\\\/\\\/www.galerie-messmer.de\\\/fr\\\/#organization\"},\"potentialAction\":[{\"@type\":\"SearchAction\",\"target\":{\"@type\":\"EntryPoint\",\"urlTemplate\":\"https:\\\/\\\/www.galerie-messmer.de\\\/fr\\\/?s={search_term_string}\"},\"query-input\":{\"@type\":\"PropertyValueSpecification\",\"valueRequired\":true,\"valueName\":\"search_term_string\"}}],\"inLanguage\":\"fr-FR\"},{\"@type\":\"Organization\",\"@id\":\"https:\\\/\\\/www.galerie-messmer.de\\\/fr\\\/#organization\",\"name\":\"Galerie Messmer\",\"url\":\"https:\\\/\\\/www.galerie-messmer.de\\\/fr\\\/\",\"logo\":{\"@type\":\"ImageObject\",\"inLanguage\":\"fr-FR\",\"@id\":\"https:\\\/\\\/www.galerie-messmer.de\\\/fr\\\/#\\\/schema\\\/logo\\\/image\\\/\",\"url\":\"https:\\\/\\\/www.galerie-messmer.de\\\/wp-content\\\/uploads\\\/2022\\\/03\\\/cropped-GalerieMessmerLogo.png\",\"contentUrl\":\"https:\\\/\\\/www.galerie-messmer.de\\\/wp-content\\\/uploads\\\/2022\\\/03\\\/cropped-GalerieMessmerLogo.png\",\"width\":2000,\"height\":250,\"caption\":\"Galerie Messmer\"},\"image\":{\"@id\":\"https:\\\/\\\/www.galerie-messmer.de\\\/fr\\\/#\\\/schema\\\/logo\\\/image\\\/\"}},{\"@type\":\"Person\",\"@id\":\"https:\\\/\\\/www.galerie-messmer.de\\\/fr\\\/#\\\/schema\\\/person\\\/e16a7716632ed3aaf680bb16c41bb7d3\",\"name\":\"ErikLachfeld\",\"image\":{\"@type\":\"ImageObject\",\"inLanguage\":\"fr-FR\",\"@id\":\"https:\\\/\\\/secure.gravatar.com\\\/avatar\\\/7cb8fd4f7c13ceda851b4ed47641f0163f4d720ad9eab597d131e2944d37edd6?s=96&d=mm&r=g\",\"url\":\"https:\\\/\\\/secure.gravatar.com\\\/avatar\\\/7cb8fd4f7c13ceda851b4ed47641f0163f4d720ad9eab597d131e2944d37edd6?s=96&d=mm&r=g\",\"contentUrl\":\"https:\\\/\\\/secure.gravatar.com\\\/avatar\\\/7cb8fd4f7c13ceda851b4ed47641f0163f4d720ad9eab597d131e2944d37edd6?s=96&d=mm&r=g\",\"caption\":\"ErikLachfeld\"},\"sameAs\":[\"https:\\\/\\\/www.galerie-messmer.de\"],\"url\":\"https:\\\/\\\/www.galerie-messmer.de\\\/fr\\\/author\\\/eriklachfeld\\\/\"}]}<\/script>\n<!-- \/ Yoast SEO plugin. -->","yoast_head_json":{"title":"Manfred Fischer - Dans le visage - Galerie Messmer","robots":{"index":"index","follow":"follow","max-snippet":"max-snippet:-1","max-image-preview":"max-image-preview:large","max-video-preview":"max-video-preview:-1"},"canonical":"https:\/\/www.galerie-messmer.de\/fr\/manfred-fischer-dans-le-visage\/","og_locale":"fr_FR","og_type":"article","og_title":"Manfred Fischer - Dans le visage - Galerie Messmer","og_description":"13 octobre 2019 \u2013 01 d\u00e9cembre 2019","og_url":"https:\/\/www.galerie-messmer.de\/fr\/manfred-fischer-dans-le-visage\/","og_site_name":"Galerie Messmer","article_published_time":"2019-10-13T08:33:00+00:00","article_modified_time":"2022-05-20T12:02:58+00:00","og_image":[{"width":1430,"height":996,"url":"https:\/\/www.galerie-messmer.de\/wp-content\/uploads\/2022\/04\/Kopf-schwarz_gelb-2003.jpg","type":"image\/jpeg"}],"author":"ErikLachfeld","twitter_card":"summary_large_image","twitter_misc":{"\u00c9crit par":"ErikLachfeld","Dur\u00e9e de lecture estim\u00e9e":"1 minute"},"schema":{"@context":"https:\/\/schema.org","@graph":[{"@type":"Article","@id":"https:\/\/www.galerie-messmer.de\/fr\/manfred-fischer-dans-le-visage\/#article","isPartOf":{"@id":"https:\/\/www.galerie-messmer.de\/fr\/manfred-fischer-dans-le-visage\/"},"author":{"name":"ErikLachfeld","@id":"https:\/\/www.galerie-messmer.de\/fr\/#\/schema\/person\/e16a7716632ed3aaf680bb16c41bb7d3"},"headline":"Manfred Fischer &#8211; Dans le visage","datePublished":"2019-10-13T08:33:00+00:00","dateModified":"2022-05-20T12:02:58+00:00","mainEntityOfPage":{"@id":"https:\/\/www.galerie-messmer.de\/fr\/manfred-fischer-dans-le-visage\/"},"wordCount":276,"commentCount":0,"publisher":{"@id":"https:\/\/www.galerie-messmer.de\/fr\/#organization"},"image":{"@id":"https:\/\/www.galerie-messmer.de\/fr\/manfred-fischer-dans-le-visage\/#primaryimage"},"thumbnailUrl":"https:\/\/www.galerie-messmer.de\/wp-content\/uploads\/2022\/04\/Kopf-schwarz_gelb-2003.jpg","articleSection":["Ausstellung","exposition"],"inLanguage":"fr-FR"},{"@type":"WebPage","@id":"https:\/\/www.galerie-messmer.de\/fr\/manfred-fischer-dans-le-visage\/","url":"https:\/\/www.galerie-messmer.de\/fr\/manfred-fischer-dans-le-visage\/","name":"Manfred Fischer - Dans le visage - Galerie Messmer","isPartOf":{"@id":"https:\/\/www.galerie-messmer.de\/fr\/#website"},"primaryImageOfPage":{"@id":"https:\/\/www.galerie-messmer.de\/fr\/manfred-fischer-dans-le-visage\/#primaryimage"},"image":{"@id":"https:\/\/www.galerie-messmer.de\/fr\/manfred-fischer-dans-le-visage\/#primaryimage"},"thumbnailUrl":"https:\/\/www.galerie-messmer.de\/wp-content\/uploads\/2022\/04\/Kopf-schwarz_gelb-2003.jpg","datePublished":"2019-10-13T08:33:00+00:00","dateModified":"2022-05-20T12:02:58+00:00","breadcrumb":{"@id":"https:\/\/www.galerie-messmer.de\/fr\/manfred-fischer-dans-le-visage\/#breadcrumb"},"inLanguage":"fr-FR","potentialAction":[{"@type":"ReadAction","target":["https:\/\/www.galerie-messmer.de\/fr\/manfred-fischer-dans-le-visage\/"]}]},{"@type":"ImageObject","inLanguage":"fr-FR","@id":"https:\/\/www.galerie-messmer.de\/fr\/manfred-fischer-dans-le-visage\/#primaryimage","url":"https:\/\/www.galerie-messmer.de\/wp-content\/uploads\/2022\/04\/Kopf-schwarz_gelb-2003.jpg","contentUrl":"https:\/\/www.galerie-messmer.de\/wp-content\/uploads\/2022\/04\/Kopf-schwarz_gelb-2003.jpg","width":1430,"height":996},{"@type":"BreadcrumbList","@id":"https:\/\/www.galerie-messmer.de\/fr\/manfred-fischer-dans-le-visage\/#breadcrumb","itemListElement":[{"@type":"ListItem","position":1,"name":"Startseite","item":"https:\/\/www.galerie-messmer.de\/fr\/domicile\/"},{"@type":"ListItem","position":2,"name":"Manfred Fischer &#8211; Dans le visage"}]},{"@type":"WebSite","@id":"https:\/\/www.galerie-messmer.de\/fr\/#website","url":"https:\/\/www.galerie-messmer.de\/fr\/","name":"Galerie Messmer","description":"Die Kunstgalerie am Kaiserstuhl","publisher":{"@id":"https:\/\/www.galerie-messmer.de\/fr\/#organization"},"potentialAction":[{"@type":"SearchAction","target":{"@type":"EntryPoint","urlTemplate":"https:\/\/www.galerie-messmer.de\/fr\/?s={search_term_string}"},"query-input":{"@type":"PropertyValueSpecification","valueRequired":true,"valueName":"search_term_string"}}],"inLanguage":"fr-FR"},{"@type":"Organization","@id":"https:\/\/www.galerie-messmer.de\/fr\/#organization","name":"Galerie Messmer","url":"https:\/\/www.galerie-messmer.de\/fr\/","logo":{"@type":"ImageObject","inLanguage":"fr-FR","@id":"https:\/\/www.galerie-messmer.de\/fr\/#\/schema\/logo\/image\/","url":"https:\/\/www.galerie-messmer.de\/wp-content\/uploads\/2022\/03\/cropped-GalerieMessmerLogo.png","contentUrl":"https:\/\/www.galerie-messmer.de\/wp-content\/uploads\/2022\/03\/cropped-GalerieMessmerLogo.png","width":2000,"height":250,"caption":"Galerie Messmer"},"image":{"@id":"https:\/\/www.galerie-messmer.de\/fr\/#\/schema\/logo\/image\/"}},{"@type":"Person","@id":"https:\/\/www.galerie-messmer.de\/fr\/#\/schema\/person\/e16a7716632ed3aaf680bb16c41bb7d3","name":"ErikLachfeld","image":{"@type":"ImageObject","inLanguage":"fr-FR","@id":"https:\/\/secure.gravatar.com\/avatar\/7cb8fd4f7c13ceda851b4ed47641f0163f4d720ad9eab597d131e2944d37edd6?s=96&d=mm&r=g","url":"https:\/\/secure.gravatar.com\/avatar\/7cb8fd4f7c13ceda851b4ed47641f0163f4d720ad9eab597d131e2944d37edd6?s=96&d=mm&r=g","contentUrl":"https:\/\/secure.gravatar.com\/avatar\/7cb8fd4f7c13ceda851b4ed47641f0163f4d720ad9eab597d131e2944d37edd6?s=96&d=mm&r=g","caption":"ErikLachfeld"},"sameAs":["https:\/\/www.galerie-messmer.de"],"url":"https:\/\/www.galerie-messmer.de\/fr\/author\/eriklachfeld\/"}]}},"_links":{"self":[{"href":"https:\/\/www.galerie-messmer.de\/fr\/wp-json\/wp\/v2\/posts\/3035","targetHints":{"allow":["GET"]}}],"collection":[{"href":"https:\/\/www.galerie-messmer.de\/fr\/wp-json\/wp\/v2\/posts"}],"about":[{"href":"https:\/\/www.galerie-messmer.de\/fr\/wp-json\/wp\/v2\/types\/post"}],"author":[{"embeddable":true,"href":"https:\/\/www.galerie-messmer.de\/fr\/wp-json\/wp\/v2\/users\/1"}],"replies":[{"embeddable":true,"href":"https:\/\/www.galerie-messmer.de\/fr\/wp-json\/wp\/v2\/comments?post=3035"}],"version-history":[{"count":3,"href":"https:\/\/www.galerie-messmer.de\/fr\/wp-json\/wp\/v2\/posts\/3035\/revisions"}],"predecessor-version":[{"id":3697,"href":"https:\/\/www.galerie-messmer.de\/fr\/wp-json\/wp\/v2\/posts\/3035\/revisions\/3697"}],"wp:featuredmedia":[{"embeddable":true,"href":"https:\/\/www.galerie-messmer.de\/fr\/wp-json\/wp\/v2\/media\/2674"}],"wp:attachment":[{"href":"https:\/\/www.galerie-messmer.de\/fr\/wp-json\/wp\/v2\/media?parent=3035"}],"wp:term":[{"taxonomy":"category","embeddable":true,"href":"https:\/\/www.galerie-messmer.de\/fr\/wp-json\/wp\/v2\/categories?post=3035"},{"taxonomy":"post_tag","embeddable":true,"href":"https:\/\/www.galerie-messmer.de\/fr\/wp-json\/wp\/v2\/tags?post=3035"}],"curies":[{"name":"wp","href":"https:\/\/api.w.org\/{rel}","templated":true}]}}