{"id":3092,"date":"2020-10-18T16:44:00","date_gmt":"2020-10-18T14:44:00","guid":{"rendered":"https:\/\/www.galerie-messmer.de\/non-classifiee\/andre-evard-arbres-dautomne\/"},"modified":"2022-05-20T13:59:12","modified_gmt":"2022-05-20T11:59:12","slug":"andre-evard-arbres-dautomne","status":"publish","type":"post","link":"https:\/\/www.galerie-messmer.de\/fr\/andre-evard-arbres-dautomne\/","title":{"rendered":"Andr\u00e9 Evard Arbres d&rsquo;automne"},"content":{"rendered":"\t\t<div data-elementor-type=\"wp-post\" data-elementor-id=\"3092\" class=\"elementor elementor-3092 elementor-1172\" data-elementor-post-type=\"post\">\n\t\t\t\t\t\t<section class=\"elementor-section elementor-top-section elementor-element elementor-element-8b34b00 elementor-section-full_width elementor-section-height-min-height elementor-section-height-default elementor-section-items-middle\" data-id=\"8b34b00\" data-element_type=\"section\" data-e-type=\"section\" data-settings=\"{&quot;background_background&quot;:&quot;slideshow&quot;,&quot;background_slideshow_gallery&quot;:[{&quot;id&quot;:1179,&quot;url&quot;:&quot;https:\\\/\\\/www.galerie-messmer.de\\\/wp-content\\\/uploads\\\/2022\\\/04\\\/ANDRE-EVARD-Seelandschaft-bei-Sonnenuntergang-1965-Oel-auf-Hartfaserplatte-32-x-46-cm-6.900-E.jpg&quot;},{&quot;id&quot;:1177,&quot;url&quot;:&quot;https:\\\/\\\/www.galerie-messmer.de\\\/wp-content\\\/uploads\\\/2022\\\/04\\\/ANDRE-EVARD-Hommage-an-Turner-1955-Oel-auf-Hartfaserplatte-28-x-42-cm-6800-E.jpg&quot;}],&quot;background_slideshow_ken_burns&quot;:&quot;yes&quot;,&quot;background_slideshow_loop&quot;:&quot;yes&quot;,&quot;background_slideshow_slide_duration&quot;:5000,&quot;background_slideshow_slide_transition&quot;:&quot;fade&quot;,&quot;background_slideshow_transition_duration&quot;:500,&quot;background_slideshow_ken_burns_zoom_direction&quot;:&quot;in&quot;}\">\n\t\t\t\t\t\t\t<div class=\"elementor-background-overlay\"><\/div>\n\t\t\t\t\t\t\t<div class=\"elementor-container elementor-column-gap-no\">\n\t\t\t\t\t<div class=\"elementor-column elementor-col-100 elementor-top-column elementor-element elementor-element-127d476\" data-id=\"127d476\" data-element_type=\"column\" data-e-type=\"column\">\n\t\t\t<div class=\"elementor-widget-wrap elementor-element-populated\">\n\t\t\t\t\t\t<div class=\"elementor-element elementor-element-8d809dd elementor-invisible elementor-widget elementor-widget-heading\" data-id=\"8d809dd\" data-element_type=\"widget\" data-e-type=\"widget\" data-settings=\"{&quot;_animation&quot;:&quot;fadeInUp&quot;}\" data-widget_type=\"heading.default\">\n\t\t\t\t<div class=\"elementor-widget-container\">\n\t\t\t\t\t<h1 class=\"elementor-heading-title elementor-size-default\">Andr\u00e9 \u00c9vard <\/h1>\t\t\t\t<\/div>\n\t\t\t\t<\/div>\n\t\t\t\t<div class=\"elementor-element elementor-element-b27888b elementor-invisible elementor-widget elementor-widget-heading\" data-id=\"b27888b\" data-element_type=\"widget\" data-e-type=\"widget\" data-settings=\"{&quot;_animation&quot;:&quot;fadeInUp&quot;,&quot;_animation_delay&quot;:200}\" data-widget_type=\"heading.default\">\n\t\t\t\t<div class=\"elementor-widget-container\">\n\t\t\t\t\t<h2 class=\"elementor-heading-title elementor-size-default\">arbres d'automne<\/h2>\t\t\t\t<\/div>\n\t\t\t\t<\/div>\n\t\t\t\t<div class=\"elementor-element elementor-element-18c8355 elementor-align-center elementor-invisible elementor-widget elementor-widget-button\" data-id=\"18c8355\" data-element_type=\"widget\" data-e-type=\"widget\" data-settings=\"{&quot;_animation&quot;:&quot;fadeInUp&quot;,&quot;_animation_delay&quot;:400}\" data-widget_type=\"button.default\">\n\t\t\t\t<div class=\"elementor-widget-container\">\n\t\t\t\t\t\t\t\t\t<div class=\"elementor-button-wrapper\">\n\t\t\t\t\t<a class=\"elementor-button elementor-button-link elementor-size-sm\" href=\"#suivant\">\n\t\t\t\t\t\t<span class=\"elementor-button-content-wrapper\">\n\t\t\t\t\t\t<span class=\"elementor-button-icon\">\n\t\t\t\t<i aria-hidden=\"true\" class=\"fas fa-arrow-down\"><\/i>\t\t\t<\/span>\n\t\t\t\t\t\t\t\t\t<span class=\"elementor-button-text\">voir l'exposition<\/span>\n\t\t\t\t\t<\/span>\n\t\t\t\t\t<\/a>\n\t\t\t\t<\/div>\n\t\t\t\t\t\t\t\t<\/div>\n\t\t\t\t<\/div>\n\t\t\t\t\t<\/div>\n\t\t<\/div>\n\t\t\t\t\t<\/div>\n\t\t<\/section>\n\t\t\t\t<section class=\"elementor-section elementor-top-section elementor-element elementor-element-8edca69 elementor-section-boxed elementor-section-height-default elementor-section-height-default\" data-id=\"8edca69\" data-element_type=\"section\" data-e-type=\"section\" id=\"next\">\n\t\t\t\t\t\t<div class=\"elementor-container elementor-column-gap-default\">\n\t\t\t\t\t<div class=\"elementor-column elementor-col-100 elementor-top-column elementor-element elementor-element-67f653e\" data-id=\"67f653e\" data-element_type=\"column\" data-e-type=\"column\">\n\t\t\t<div class=\"elementor-widget-wrap elementor-element-populated\">\n\t\t\t\t\t\t<div class=\"elementor-element elementor-element-1cf7b91 elementor-widget elementor-widget-heading\" data-id=\"1cf7b91\" data-element_type=\"widget\" data-e-type=\"widget\" data-widget_type=\"heading.default\">\n\t\t\t\t<div class=\"elementor-widget-container\">\n\t\t\t\t\t<h2 class=\"elementor-heading-title elementor-size-default\">A partir du 18 octobre 2020<\/h2>\t\t\t\t<\/div>\n\t\t\t\t<\/div>\n\t\t\t\t<div class=\"elementor-element elementor-element-be22324 elementor-widget elementor-widget-text-editor\" data-id=\"be22324\" data-element_type=\"widget\" data-e-type=\"widget\" data-widget_type=\"text-editor.default\">\n\t\t\t\t<div class=\"elementor-widget-container\">\n\t\t\t\t\t\t\t\t\t<p>\u00ab\u00a0<strong>Andr\u00e9 Evard \u00e9tait un esprit universel. Il a la peinture<\/strong> <strong>pouss\u00e9s \u00e0 leurs limites. \u00bb \u2013<\/strong> J\u00fcrgen A. Messmer<\/p><p>Les <strong>couleurs vives<\/strong> des <strong>images d&rsquo;automne<\/strong> de l&rsquo;artiste suisse Andr\u00e9 <strong>Evard<\/strong> sont exceptionnellement <strong>puissantes<\/strong> et <strong>d&rsquo;une beaut\u00e9 surnaturelle<\/strong> .<\/p><p>Les paysages automnaux sont la preuve picturale de la <strong>grande capacit\u00e9<\/strong> d&rsquo;Evard \u00e0 capturer des moments pr\u00e9cieux dans toute leur magie. Ses \u0153uvres captivent non seulement par leurs <strong>couleurs diverses et impressionnantes<\/strong> , mais surtout par leur <strong>originalit\u00e9<\/strong> .<\/p>\t\t\t\t\t\t\t\t<\/div>\n\t\t\t\t<\/div>\n\t\t\t\t<section class=\"elementor-section elementor-inner-section elementor-element elementor-element-7873611 elementor-section-boxed elementor-section-height-default elementor-section-height-default\" data-id=\"7873611\" data-element_type=\"section\" data-e-type=\"section\">\n\t\t\t\t\t\t<div class=\"elementor-container elementor-column-gap-default\">\n\t\t\t\t\t<div class=\"elementor-column elementor-col-33 elementor-inner-column elementor-element elementor-element-7292cc4\" data-id=\"7292cc4\" data-element_type=\"column\" data-e-type=\"column\">\n\t\t\t<div class=\"elementor-widget-wrap elementor-element-populated\">\n\t\t\t\t\t\t<div class=\"elementor-element elementor-element-87eb403 elementor-widget elementor-widget-image\" data-id=\"87eb403\" data-element_type=\"widget\" data-e-type=\"widget\" data-widget_type=\"image.default\">\n\t\t\t\t<div class=\"elementor-widget-container\">\n\t\t\t\t\t\t\t\t\t\t\t\t<figure class=\"wp-caption\">\n\t\t\t\t\t\t\t\t\t\t<img fetchpriority=\"high\" decoding=\"async\" width=\"263\" height=\"386\" src=\"https:\/\/www.galerie-messmer.de\/wp-content\/uploads\/2022\/04\/andre-evard.jpg\" class=\"attachment-medium_large size-medium_large wp-image-2626\" alt=\"\" srcset=\"https:\/\/www.galerie-messmer.de\/wp-content\/uploads\/2022\/04\/andre-evard.jpg 263w, https:\/\/www.galerie-messmer.de\/wp-content\/uploads\/2022\/04\/andre-evard-204x300.jpg 204w\" sizes=\"(max-width: 263px) 100vw, 263px\" \/>\t\t\t\t\t\t\t\t\t\t\t<figcaption class=\"widget-image-caption wp-caption-text\">Portr\u00e4t von Andr\u00e9 Evard um 1920 \u00a9 messmer foundation<\/figcaption>\n\t\t\t\t\t\t\t\t\t\t<\/figure>\n\t\t\t\t\t\t\t\t\t<\/div>\n\t\t\t\t<\/div>\n\t\t\t\t\t<\/div>\n\t\t<\/div>\n\t\t\t\t<div class=\"elementor-column elementor-col-66 elementor-inner-column elementor-element elementor-element-de5f879\" data-id=\"de5f879\" data-element_type=\"column\" data-e-type=\"column\">\n\t\t\t<div class=\"elementor-widget-wrap elementor-element-populated\">\n\t\t\t\t\t\t<div class=\"elementor-element elementor-element-8293e46 elementor-widget elementor-widget-text-editor\" data-id=\"8293e46\" data-element_type=\"widget\" data-e-type=\"widget\" data-widget_type=\"text-editor.default\">\n\t\t\t\t<div class=\"elementor-widget-container\">\n\t\t\t\t\t\t\t\t\t<p>Andr\u00e9 Evard est n\u00e9 \u00e0 Renan dans le Jura bernois en <strong>1876<\/strong> . Il a d\u00e9m\u00e9nag\u00e9 \u00e0 <strong>La Chaux-de-Fonds<\/strong> dans le canton suisse de Neuch\u00e2tel quand il \u00e9tait jeune. De 1923 \u00e0 1927, il vit \u00e0 <strong>Paris<\/strong> , o\u00f9 il est expos\u00e9 dans les salles d&rsquo;exposition les plus importantes, dont le <strong>Salon d&rsquo;Automne<\/strong> et le <strong>Salon des Ind\u00e9pendants<\/strong> . Il rencontre des ma\u00eetres de l&rsquo;art moderne tels que <strong>Georges Braque<\/strong> , <strong>Robert Delaunay<\/strong> et <strong>Theo van Doesburg<\/strong> et gagne leur reconnaissance. <br>N\u00e9anmoins, Evard retourne dans son <strong>pays natal<\/strong> . Car l\u00e0 il s&rsquo;inspire toujours de la nature environnante et de ses saisons. <br>La Chaux-de-Fonds est l&rsquo;une des villes horlog\u00e8res les plus c\u00e9l\u00e8bres de Suisse et l&rsquo;une des villes les plus hautes d&rsquo;Europe. De cette hauteur, Evard \u00e9tait particuli\u00e8rement fascin\u00e9 par le spectacle de <strong>lumi\u00e8re<\/strong> qu&rsquo;il voyait au grand air. <strong>La nature suisse<\/strong> a \u00e9t\u00e9 l&rsquo;une des principales sources d&rsquo; <strong>inspiration<\/strong> de l&rsquo;artiste.<\/p>\t\t\t\t\t\t\t\t<\/div>\n\t\t\t\t<\/div>\n\t\t\t\t\t<\/div>\n\t\t<\/div>\n\t\t\t\t\t<\/div>\n\t\t<\/section>\n\t\t\t\t\t<\/div>\n\t\t<\/div>\n\t\t\t\t\t<\/div>\n\t\t<\/section>\n\t\t\t\t<section class=\"elementor-section elementor-top-section elementor-element elementor-element-c6277d7 elementor-section-boxed elementor-section-height-default elementor-section-height-default\" data-id=\"c6277d7\" data-element_type=\"section\" data-e-type=\"section\">\n\t\t\t\t\t\t<div class=\"elementor-container elementor-column-gap-default\">\n\t\t\t\t\t<div class=\"elementor-column elementor-col-100 elementor-top-column elementor-element elementor-element-243a97d\" data-id=\"243a97d\" data-element_type=\"column\" data-e-type=\"column\">\n\t\t\t<div class=\"elementor-widget-wrap elementor-element-populated\">\n\t\t\t\t\t\t<div class=\"elementor-element elementor-element-25d6298 elementor-widget elementor-widget-heading\" data-id=\"25d6298\" data-element_type=\"widget\" data-e-type=\"widget\" data-widget_type=\"heading.default\">\n\t\t\t\t<div class=\"elementor-widget-container\">\n\t\t\t\t\t<h3 class=\"elementor-heading-title elementor-size-default\">Int\u00e9ress\u00e9 par l'achat d'une \u0153uvre ?<\/h3>\t\t\t\t<\/div>\n\t\t\t\t<\/div>\n\t\t\t\t<div class=\"elementor-element elementor-element-f57b129 elementor-align-center elementor-invisible elementor-widget elementor-widget-button\" data-id=\"f57b129\" data-element_type=\"widget\" data-e-type=\"widget\" data-settings=\"{&quot;_animation&quot;:&quot;fadeInUp&quot;,&quot;_animation_delay&quot;:400}\" data-widget_type=\"button.default\">\n\t\t\t\t<div class=\"elementor-widget-container\">\n\t\t\t\t\t\t\t\t\t<div class=\"elementor-button-wrapper\">\n\t\t\t\t\t<a class=\"elementor-button elementor-button-link elementor-size-sm\" href=\"https:\/\/www.galerie-messmer.de\/fr\/kuenstlerin\/andre-evard\/\">\n\t\t\t\t\t\t<span class=\"elementor-button-content-wrapper\">\n\t\t\t\t\t\t<span class=\"elementor-button-icon\">\n\t\t\t\t<i aria-hidden=\"true\" class=\"fas fa-arrow-right\"><\/i>\t\t\t<\/span>\n\t\t\t\t\t\t\t\t\t<span class=\"elementor-button-text\">Voir les oeuvres disponibles<\/span>\n\t\t\t\t\t<\/span>\n\t\t\t\t\t<\/a>\n\t\t\t\t<\/div>\n\t\t\t\t\t\t\t\t<\/div>\n\t\t\t\t<\/div>\n\t\t\t\t\t<\/div>\n\t\t<\/div>\n\t\t\t\t\t<\/div>\n\t\t<\/section>\n\t\t\t\t<section class=\"elementor-section elementor-top-section elementor-element elementor-element-9e96bc5 elementor-section-full_width elementor-section-height-default elementor-section-height-default\" data-id=\"9e96bc5\" data-element_type=\"section\" data-e-type=\"section\">\n\t\t\t\t\t\t<div class=\"elementor-container elementor-column-gap-default\">\n\t\t\t\t\t<div class=\"elementor-column elementor-col-100 elementor-top-column elementor-element elementor-element-a70e94a\" data-id=\"a70e94a\" data-element_type=\"column\" data-e-type=\"column\">\n\t\t\t<div class=\"elementor-widget-wrap elementor-element-populated\">\n\t\t\t\t\t\t<div class=\"elementor-element elementor-element-0c8a392 elementor-widget elementor-widget-heading\" data-id=\"0c8a392\" data-element_type=\"widget\" data-e-type=\"widget\" data-widget_type=\"heading.default\">\n\t\t\t\t<div class=\"elementor-widget-container\">\n\t\t\t\t\t<h2 class=\"elementor-heading-title elementor-size-default\">Oeuvres d'Andr\u00e9 Evard<\/h2>\t\t\t\t<\/div>\n\t\t\t\t<\/div>\n\t\t\t\t<div class=\"elementor-element elementor-element-371919c elementor-widget elementor-widget-gallery\" data-id=\"371919c\" data-element_type=\"widget\" data-e-type=\"widget\" data-settings=\"{&quot;gallery_layout&quot;:&quot;masonry&quot;,&quot;columns&quot;:3,&quot;gap&quot;:{&quot;unit&quot;:&quot;px&quot;,&quot;size&quot;:24,&quot;sizes&quot;:[]},&quot;lazyload&quot;:&quot;yes&quot;,&quot;columns_tablet&quot;:2,&quot;columns_mobile&quot;:1,&quot;gap_tablet&quot;:{&quot;unit&quot;:&quot;px&quot;,&quot;size&quot;:10,&quot;sizes&quot;:[]},&quot;gap_mobile&quot;:{&quot;unit&quot;:&quot;px&quot;,&quot;size&quot;:10,&quot;sizes&quot;:[]},&quot;link_to&quot;:&quot;file&quot;,&quot;content_hover_animation&quot;:&quot;fade-in&quot;}\" data-widget_type=\"gallery.default\">\n\t\t\t\t<div class=\"elementor-widget-container\">\n\t\t\t\t\t\t\t<div class=\"elementor-gallery__container\">\n\t\t\t\t\t\t\t<a class=\"e-gallery-item elementor-gallery-item elementor-animated-content\" href=\"https:\/\/www.galerie-messmer.de\/wp-content\/uploads\/2022\/04\/ANDRE-EVARD-Blumenbouquet-1937-Oel-auf-Hartfaserplatte-46-x-37-cm-8000-E.jpg\" data-elementor-open-lightbox=\"yes\" data-elementor-lightbox-slideshow=\"371919c\" data-elementor-lightbox-title=\"Blumenbouquet\" data-e-action-hash=\"#elementor-action%3Aaction%3Dlightbox%26settings%3DeyJpZCI6MTE4OSwidXJsIjoiaHR0cHM6XC9cL3d3dy5nYWxlcmllLW1lc3NtZXIuZGVcL3dwLWNvbnRlbnRcL3VwbG9hZHNcLzIwMjJcLzA0XC9BTkRSRS1FVkFSRC1CbHVtZW5ib3VxdWV0LTE5MzctT2VsLWF1Zi1IYXJ0ZmFzZXJwbGF0dGUtNDYteC0zNy1jbS04MDAwLUUuanBnIiwic2xpZGVzaG93IjoiMzcxOTE5YyJ9\">\n\t\t\t\t\t<div class=\"e-gallery-image elementor-gallery-item__image\" data-thumbnail=\"https:\/\/www.galerie-messmer.de\/wp-content\/uploads\/2022\/04\/ANDRE-EVARD-Blumenbouquet-1937-Oel-auf-Hartfaserplatte-46-x-37-cm-8000-E-768x933.jpg\" data-width=\"768\" data-height=\"933\" aria-label=\"\" role=\"img\" ><\/div>\n\t\t\t\t\t\t\t\t\t\t\t\t\t\t<\/a>\n\t\t\t\t\t\t\t<a class=\"e-gallery-item elementor-gallery-item elementor-animated-content\" href=\"https:\/\/www.galerie-messmer.de\/wp-content\/uploads\/2022\/04\/ANDRE-EVARD-Bluetenbaum-1960-Oel-auf-Hartfaserplatte-34-x-26-cm-6.000-EUR.jpg\" data-elementor-open-lightbox=\"yes\" data-elementor-lightbox-slideshow=\"371919c\" data-elementor-lightbox-title=\"Bluetenbaum\" data-e-action-hash=\"#elementor-action%3Aaction%3Dlightbox%26settings%3DeyJpZCI6MTE4OCwidXJsIjoiaHR0cHM6XC9cL3d3dy5nYWxlcmllLW1lc3NtZXIuZGVcL3dwLWNvbnRlbnRcL3VwbG9hZHNcLzIwMjJcLzA0XC9BTkRSRS1FVkFSRC1CbHVldGVuYmF1bS0xOTYwLU9lbC1hdWYtSGFydGZhc2VycGxhdHRlLTM0LXgtMjYtY20tNi4wMDAtRVVSLmpwZyIsInNsaWRlc2hvdyI6IjM3MTkxOWMifQ%3D%3D\">\n\t\t\t\t\t<div class=\"e-gallery-image elementor-gallery-item__image\" data-thumbnail=\"https:\/\/www.galerie-messmer.de\/wp-content\/uploads\/2022\/04\/ANDRE-EVARD-Bluetenbaum-1960-Oel-auf-Hartfaserplatte-34-x-26-cm-6.000-EUR-768x994.jpg\" data-width=\"768\" data-height=\"994\" aria-label=\"\" role=\"img\" ><\/div>\n\t\t\t\t\t\t\t\t\t\t\t\t\t\t<\/a>\n\t\t\t\t\t\t\t<a class=\"e-gallery-item elementor-gallery-item elementor-animated-content\" href=\"https:\/\/www.galerie-messmer.de\/wp-content\/uploads\/2022\/04\/Andre-Evard-Baum-in-der-Landschaft-Oel-auf-Malkarton.jpg\" data-elementor-open-lightbox=\"yes\" data-elementor-lightbox-slideshow=\"371919c\" data-elementor-lightbox-title=\"Baum in der Landschaft\" data-e-action-hash=\"#elementor-action%3Aaction%3Dlightbox%26settings%3DeyJpZCI6MTE4NywidXJsIjoiaHR0cHM6XC9cL3d3dy5nYWxlcmllLW1lc3NtZXIuZGVcL3dwLWNvbnRlbnRcL3VwbG9hZHNcLzIwMjJcLzA0XC9BbmRyZS1FdmFyZC1CYXVtLWluLWRlci1MYW5kc2NoYWZ0LU9lbC1hdWYtTWFsa2FydG9uLmpwZyIsInNsaWRlc2hvdyI6IjM3MTkxOWMifQ%3D%3D\">\n\t\t\t\t\t<div class=\"e-gallery-image elementor-gallery-item__image\" data-thumbnail=\"https:\/\/www.galerie-messmer.de\/wp-content\/uploads\/2022\/04\/Andre-Evard-Baum-in-der-Landschaft-Oel-auf-Malkarton.jpg\" data-width=\"651\" data-height=\"426\" aria-label=\"\" role=\"img\" ><\/div>\n\t\t\t\t\t\t\t\t\t\t\t\t\t\t<\/a>\n\t\t\t\t\t\t\t<a class=\"e-gallery-item elementor-gallery-item elementor-animated-content\" href=\"https:\/\/www.galerie-messmer.de\/wp-content\/uploads\/2022\/04\/ANDRE-EVARD-Alle-Farben-1954-Oel-auf-Hartfaserplatte-61-x-73-cm-9000-E.jpg\" data-elementor-open-lightbox=\"yes\" data-elementor-lightbox-slideshow=\"371919c\" data-elementor-lightbox-title=\"Alle Farben\" data-e-action-hash=\"#elementor-action%3Aaction%3Dlightbox%26settings%3DeyJpZCI6MTE4NiwidXJsIjoiaHR0cHM6XC9cL3d3dy5nYWxlcmllLW1lc3NtZXIuZGVcL3dwLWNvbnRlbnRcL3VwbG9hZHNcLzIwMjJcLzA0XC9BTkRSRS1FVkFSRC1BbGxlLUZhcmJlbi0xOTU0LU9lbC1hdWYtSGFydGZhc2VycGxhdHRlLTYxLXgtNzMtY20tOTAwMC1FLmpwZyIsInNsaWRlc2hvdyI6IjM3MTkxOWMifQ%3D%3D\">\n\t\t\t\t\t<div class=\"e-gallery-image elementor-gallery-item__image\" data-thumbnail=\"https:\/\/www.galerie-messmer.de\/wp-content\/uploads\/2022\/04\/ANDRE-EVARD-Alle-Farben-1954-Oel-auf-Hartfaserplatte-61-x-73-cm-9000-E-768x637.jpg\" data-width=\"768\" data-height=\"637\" aria-label=\"\" role=\"img\" ><\/div>\n\t\t\t\t\t\t\t\t\t\t\t\t\t\t<\/a>\n\t\t\t\t\t\t\t<a class=\"e-gallery-item elementor-gallery-item elementor-animated-content\" href=\"https:\/\/www.galerie-messmer.de\/wp-content\/uploads\/2022\/04\/Andre-Evard_Landschaft_1968_33x24_Oel-auf-Hartfaserplatte.jpg\" data-elementor-open-lightbox=\"yes\" data-elementor-lightbox-slideshow=\"371919c\" data-elementor-lightbox-title=\"Landschaft\" data-e-action-hash=\"#elementor-action%3Aaction%3Dlightbox%26settings%3DeyJpZCI6MTE4NSwidXJsIjoiaHR0cHM6XC9cL3d3dy5nYWxlcmllLW1lc3NtZXIuZGVcL3dwLWNvbnRlbnRcL3VwbG9hZHNcLzIwMjJcLzA0XC9BbmRyZS1FdmFyZF9MYW5kc2NoYWZ0XzE5NjhfMzN4MjRfT2VsLWF1Zi1IYXJ0ZmFzZXJwbGF0dGUuanBnIiwic2xpZGVzaG93IjoiMzcxOTE5YyJ9\">\n\t\t\t\t\t<div class=\"e-gallery-image elementor-gallery-item__image\" data-thumbnail=\"https:\/\/www.galerie-messmer.de\/wp-content\/uploads\/2022\/04\/Andre-Evard_Landschaft_1968_33x24_Oel-auf-Hartfaserplatte-768x574.jpg\" data-width=\"768\" data-height=\"574\" aria-label=\"\" role=\"img\" ><\/div>\n\t\t\t\t\t\t\t\t\t\t\t\t\t\t<\/a>\n\t\t\t\t\t\t\t<a class=\"e-gallery-item elementor-gallery-item elementor-animated-content\" href=\"https:\/\/www.galerie-messmer.de\/wp-content\/uploads\/2022\/04\/Andre-Evard_Herbstbaum_1934.jpg\" data-elementor-open-lightbox=\"yes\" data-elementor-lightbox-slideshow=\"371919c\" data-elementor-lightbox-title=\"Herbstbaum\" data-e-action-hash=\"#elementor-action%3Aaction%3Dlightbox%26settings%3DeyJpZCI6MTE4NCwidXJsIjoiaHR0cHM6XC9cL3d3dy5nYWxlcmllLW1lc3NtZXIuZGVcL3dwLWNvbnRlbnRcL3VwbG9hZHNcLzIwMjJcLzA0XC9BbmRyZS1FdmFyZF9IZXJic3RiYXVtXzE5MzQuanBnIiwic2xpZGVzaG93IjoiMzcxOTE5YyJ9\">\n\t\t\t\t\t<div class=\"e-gallery-image elementor-gallery-item__image\" data-thumbnail=\"https:\/\/www.galerie-messmer.de\/wp-content\/uploads\/2022\/04\/Andre-Evard_Herbstbaum_1934.jpg\" data-width=\"758\" data-height=\"756\" aria-label=\"\" role=\"img\" ><\/div>\n\t\t\t\t\t\t\t\t\t\t\t\t\t\t<\/a>\n\t\t\t\t\t\t\t<a class=\"e-gallery-item elementor-gallery-item elementor-animated-content\" href=\"https:\/\/www.galerie-messmer.de\/wp-content\/uploads\/2022\/04\/Sonnenuntergang.jpg\" data-elementor-open-lightbox=\"yes\" data-elementor-lightbox-slideshow=\"371919c\" data-elementor-lightbox-title=\"Sonnenuntergang\" data-e-action-hash=\"#elementor-action%3Aaction%3Dlightbox%26settings%3DeyJpZCI6MTE4MywidXJsIjoiaHR0cHM6XC9cL3d3dy5nYWxlcmllLW1lc3NtZXIuZGVcL3dwLWNvbnRlbnRcL3VwbG9hZHNcLzIwMjJcLzA0XC9Tb25uZW51bnRlcmdhbmcuanBnIiwic2xpZGVzaG93IjoiMzcxOTE5YyJ9\">\n\t\t\t\t\t<div class=\"e-gallery-image elementor-gallery-item__image\" data-thumbnail=\"https:\/\/www.galerie-messmer.de\/wp-content\/uploads\/2022\/04\/Sonnenuntergang.jpg\" data-width=\"647\" data-height=\"432\" aria-label=\"\" role=\"img\" ><\/div>\n\t\t\t\t\t\t\t\t\t\t\t\t\t\t<\/a>\n\t\t\t\t\t\t\t<a class=\"e-gallery-item elementor-gallery-item elementor-animated-content\" href=\"https:\/\/www.galerie-messmer.de\/wp-content\/uploads\/2022\/04\/Miniatur.jpg\" data-elementor-open-lightbox=\"yes\" data-elementor-lightbox-slideshow=\"371919c\" data-elementor-lightbox-title=\"Miniatur\" data-e-action-hash=\"#elementor-action%3Aaction%3Dlightbox%26settings%3DeyJpZCI6MTE4MiwidXJsIjoiaHR0cHM6XC9cL3d3dy5nYWxlcmllLW1lc3NtZXIuZGVcL3dwLWNvbnRlbnRcL3VwbG9hZHNcLzIwMjJcLzA0XC9NaW5pYXR1ci5qcGciLCJzbGlkZXNob3ciOiIzNzE5MTljIn0%3D\">\n\t\t\t\t\t<div class=\"e-gallery-image elementor-gallery-item__image\" data-thumbnail=\"https:\/\/www.galerie-messmer.de\/wp-content\/uploads\/2022\/04\/Miniatur.jpg\" data-width=\"622\" data-height=\"491\" aria-label=\"\" role=\"img\" ><\/div>\n\t\t\t\t\t\t\t\t\t\t\t\t\t\t<\/a>\n\t\t\t\t\t\t\t<a class=\"e-gallery-item elementor-gallery-item elementor-animated-content\" href=\"https:\/\/www.galerie-messmer.de\/wp-content\/uploads\/2022\/04\/IMG_20201007_140612_resized_20201007_020903023.jpg\" data-elementor-open-lightbox=\"yes\" data-elementor-lightbox-slideshow=\"371919c\" data-e-action-hash=\"#elementor-action%3Aaction%3Dlightbox%26settings%3DeyJpZCI6MTE4MSwidXJsIjoiaHR0cHM6XC9cL3d3dy5nYWxlcmllLW1lc3NtZXIuZGVcL3dwLWNvbnRlbnRcL3VwbG9hZHNcLzIwMjJcLzA0XC9JTUdfMjAyMDEwMDdfMTQwNjEyX3Jlc2l6ZWRfMjAyMDEwMDdfMDIwOTAzMDIzLmpwZyIsInNsaWRlc2hvdyI6IjM3MTkxOWMifQ%3D%3D\">\n\t\t\t\t\t<div class=\"e-gallery-image elementor-gallery-item__image\" data-thumbnail=\"https:\/\/www.galerie-messmer.de\/wp-content\/uploads\/2022\/04\/IMG_20201007_140612_resized_20201007_020903023-768x584.jpg\" data-width=\"768\" data-height=\"584\" aria-label=\"\" role=\"img\" ><\/div>\n\t\t\t\t\t\t\t\t\t\t\t\t\t\t<\/a>\n\t\t\t\t\t\t\t<a class=\"e-gallery-item elementor-gallery-item elementor-animated-content\" href=\"https:\/\/www.galerie-messmer.de\/wp-content\/uploads\/2022\/04\/Eiger-Moench-und-Jungfrau.jpg\" data-elementor-open-lightbox=\"yes\" data-elementor-lightbox-slideshow=\"371919c\" data-elementor-lightbox-title=\"Moench und Jungfrau\" data-e-action-hash=\"#elementor-action%3Aaction%3Dlightbox%26settings%3DeyJpZCI6MTE4MCwidXJsIjoiaHR0cHM6XC9cL3d3dy5nYWxlcmllLW1lc3NtZXIuZGVcL3dwLWNvbnRlbnRcL3VwbG9hZHNcLzIwMjJcLzA0XC9FaWdlci1Nb2VuY2gtdW5kLUp1bmdmcmF1LmpwZyIsInNsaWRlc2hvdyI6IjM3MTkxOWMifQ%3D%3D\">\n\t\t\t\t\t<div class=\"e-gallery-image elementor-gallery-item__image\" data-thumbnail=\"https:\/\/www.galerie-messmer.de\/wp-content\/uploads\/2022\/04\/Eiger-Moench-und-Jungfrau-768x621.jpg\" data-width=\"768\" data-height=\"621\" aria-label=\"\" role=\"img\" ><\/div>\n\t\t\t\t\t\t\t\t\t\t\t\t\t\t<\/a>\n\t\t\t\t\t\t\t<a class=\"e-gallery-item elementor-gallery-item elementor-animated-content\" href=\"https:\/\/www.galerie-messmer.de\/wp-content\/uploads\/2022\/04\/ANDRE-EVARD-Seelandschaft-bei-Sonnenuntergang-1965-Oel-auf-Hartfaserplatte-32-x-46-cm-6.900-E.jpg\" data-elementor-open-lightbox=\"yes\" data-elementor-lightbox-slideshow=\"371919c\" data-elementor-lightbox-title=\"Seelandschaft bei Sonnenuntergang\" data-e-action-hash=\"#elementor-action%3Aaction%3Dlightbox%26settings%3DeyJpZCI6MTE3OSwidXJsIjoiaHR0cHM6XC9cL3d3dy5nYWxlcmllLW1lc3NtZXIuZGVcL3dwLWNvbnRlbnRcL3VwbG9hZHNcLzIwMjJcLzA0XC9BTkRSRS1FVkFSRC1TZWVsYW5kc2NoYWZ0LWJlaS1Tb25uZW51bnRlcmdhbmctMTk2NS1PZWwtYXVmLUhhcnRmYXNlcnBsYXR0ZS0zMi14LTQ2LWNtLTYuOTAwLUUuanBnIiwic2xpZGVzaG93IjoiMzcxOTE5YyJ9\">\n\t\t\t\t\t<div class=\"e-gallery-image elementor-gallery-item__image\" data-thumbnail=\"https:\/\/www.galerie-messmer.de\/wp-content\/uploads\/2022\/04\/ANDRE-EVARD-Seelandschaft-bei-Sonnenuntergang-1965-Oel-auf-Hartfaserplatte-32-x-46-cm-6.900-E-768x543.jpg\" data-width=\"768\" data-height=\"543\" aria-label=\"\" role=\"img\" ><\/div>\n\t\t\t\t\t\t\t\t\t\t\t\t\t\t<\/a>\n\t\t\t\t\t\t\t<a class=\"e-gallery-item elementor-gallery-item elementor-animated-content\" href=\"https:\/\/www.galerie-messmer.de\/wp-content\/uploads\/2022\/04\/ANDRE-EVARD-Schemenhafte-Landschaft-in-braun-und-weiss-1958-Oel-auf-Hartfaserplatte-27-x-40-cm-6800-E.jpg\" data-elementor-open-lightbox=\"yes\" data-elementor-lightbox-slideshow=\"371919c\" data-elementor-lightbox-title=\"Schemenhafte Landschaft\" data-e-action-hash=\"#elementor-action%3Aaction%3Dlightbox%26settings%3DeyJpZCI6MTE3OCwidXJsIjoiaHR0cHM6XC9cL3d3dy5nYWxlcmllLW1lc3NtZXIuZGVcL3dwLWNvbnRlbnRcL3VwbG9hZHNcLzIwMjJcLzA0XC9BTkRSRS1FVkFSRC1TY2hlbWVuaGFmdGUtTGFuZHNjaGFmdC1pbi1icmF1bi11bmQtd2Vpc3MtMTk1OC1PZWwtYXVmLUhhcnRmYXNlcnBsYXR0ZS0yNy14LTQwLWNtLTY4MDAtRS5qcGciLCJzbGlkZXNob3ciOiIzNzE5MTljIn0%3D\">\n\t\t\t\t\t<div class=\"e-gallery-image elementor-gallery-item__image\" data-thumbnail=\"https:\/\/www.galerie-messmer.de\/wp-content\/uploads\/2022\/04\/ANDRE-EVARD-Schemenhafte-Landschaft-in-braun-und-weiss-1958-Oel-auf-Hartfaserplatte-27-x-40-cm-6800-E-768x523.jpg\" data-width=\"768\" data-height=\"523\" aria-label=\"\" role=\"img\" ><\/div>\n\t\t\t\t\t\t\t\t\t\t\t\t\t\t<\/a>\n\t\t\t\t\t\t\t<a class=\"e-gallery-item elementor-gallery-item elementor-animated-content\" href=\"https:\/\/www.galerie-messmer.de\/wp-content\/uploads\/2022\/04\/ANDRE-EVARD-Hommage-an-Turner-1955-Oel-auf-Hartfaserplatte-28-x-42-cm-6800-E.jpg\" data-elementor-open-lightbox=\"yes\" data-elementor-lightbox-slideshow=\"371919c\" data-elementor-lightbox-title=\"Hommage an Turner\" data-e-action-hash=\"#elementor-action%3Aaction%3Dlightbox%26settings%3DeyJpZCI6MTE3NywidXJsIjoiaHR0cHM6XC9cL3d3dy5nYWxlcmllLW1lc3NtZXIuZGVcL3dwLWNvbnRlbnRcL3VwbG9hZHNcLzIwMjJcLzA0XC9BTkRSRS1FVkFSRC1Ib21tYWdlLWFuLVR1cm5lci0xOTU1LU9lbC1hdWYtSGFydGZhc2VycGxhdHRlLTI4LXgtNDItY20tNjgwMC1FLmpwZyIsInNsaWRlc2hvdyI6IjM3MTkxOWMifQ%3D%3D\">\n\t\t\t\t\t<div class=\"e-gallery-image elementor-gallery-item__image\" data-thumbnail=\"https:\/\/www.galerie-messmer.de\/wp-content\/uploads\/2022\/04\/ANDRE-EVARD-Hommage-an-Turner-1955-Oel-auf-Hartfaserplatte-28-x-42-cm-6800-E-768x500.jpg\" data-width=\"768\" data-height=\"500\" aria-label=\"\" role=\"img\" ><\/div>\n\t\t\t\t\t\t\t\t\t\t\t\t\t\t<\/a>\n\t\t\t\t\t\t\t<a class=\"e-gallery-item elementor-gallery-item elementor-animated-content\" href=\"https:\/\/www.galerie-messmer.de\/wp-content\/uploads\/2022\/04\/ANDRE-EVARD-Braune-Landschaft-1967-Oel-auf-Hartfaserplatte-26-x-40-cm-6800-E.jpg\" data-elementor-open-lightbox=\"yes\" data-elementor-lightbox-slideshow=\"371919c\" data-elementor-lightbox-title=\"Braune Landschaft\" data-e-action-hash=\"#elementor-action%3Aaction%3Dlightbox%26settings%3DeyJpZCI6MTE3NiwidXJsIjoiaHR0cHM6XC9cL3d3dy5nYWxlcmllLW1lc3NtZXIuZGVcL3dwLWNvbnRlbnRcL3VwbG9hZHNcLzIwMjJcLzA0XC9BTkRSRS1FVkFSRC1CcmF1bmUtTGFuZHNjaGFmdC0xOTY3LU9lbC1hdWYtSGFydGZhc2VycGxhdHRlLTI2LXgtNDAtY20tNjgwMC1FLmpwZyIsInNsaWRlc2hvdyI6IjM3MTkxOWMifQ%3D%3D\">\n\t\t\t\t\t<div class=\"e-gallery-image elementor-gallery-item__image\" data-thumbnail=\"https:\/\/www.galerie-messmer.de\/wp-content\/uploads\/2022\/04\/ANDRE-EVARD-Braune-Landschaft-1967-Oel-auf-Hartfaserplatte-26-x-40-cm-6800-E-768x496.jpg\" data-width=\"768\" data-height=\"496\" aria-label=\"\" role=\"img\" ><\/div>\n\t\t\t\t\t\t\t\t\t\t\t\t\t\t<\/a>\n\t\t\t\t\t\t\t<a class=\"e-gallery-item elementor-gallery-item elementor-animated-content\" href=\"https:\/\/www.galerie-messmer.de\/wp-content\/uploads\/2022\/04\/Andre-Evard-Blumenstrauss-in-blauer-Vase-1944-Oel-auf-Hartfaserplatte-64-x-49-cm-8500-E.jpg\" data-elementor-open-lightbox=\"yes\" data-elementor-lightbox-slideshow=\"371919c\" data-elementor-lightbox-title=\"Blumenstrauss\" data-e-action-hash=\"#elementor-action%3Aaction%3Dlightbox%26settings%3DeyJpZCI6MTE3NSwidXJsIjoiaHR0cHM6XC9cL3d3dy5nYWxlcmllLW1lc3NtZXIuZGVcL3dwLWNvbnRlbnRcL3VwbG9hZHNcLzIwMjJcLzA0XC9BbmRyZS1FdmFyZC1CbHVtZW5zdHJhdXNzLWluLWJsYXVlci1WYXNlLTE5NDQtT2VsLWF1Zi1IYXJ0ZmFzZXJwbGF0dGUtNjQteC00OS1jbS04NTAwLUUuanBnIiwic2xpZGVzaG93IjoiMzcxOTE5YyJ9\">\n\t\t\t\t\t<div class=\"e-gallery-image elementor-gallery-item__image\" data-thumbnail=\"https:\/\/www.galerie-messmer.de\/wp-content\/uploads\/2022\/04\/Andre-Evard-Blumenstrauss-in-blauer-Vase-1944-Oel-auf-Hartfaserplatte-64-x-49-cm-8500-E-768x1000.jpg\" data-width=\"768\" data-height=\"1000\" aria-label=\"\" role=\"img\" ><\/div>\n\t\t\t\t\t\t\t\t\t\t\t\t\t\t<\/a>\n\t\t\t\t\t\t\t<a class=\"e-gallery-item elementor-gallery-item elementor-animated-content\" href=\"https:\/\/www.galerie-messmer.de\/wp-content\/uploads\/2022\/04\/ANDRE-EVARD-Blumenstrauss-ca.-1930-oel-auf-Hartfaserplatte-60-x-45-cm-8500-E.jpg\" data-elementor-open-lightbox=\"yes\" data-elementor-lightbox-slideshow=\"371919c\" data-elementor-lightbox-title=\"Blumenstrauss\" data-e-action-hash=\"#elementor-action%3Aaction%3Dlightbox%26settings%3DeyJpZCI6MTE3NCwidXJsIjoiaHR0cHM6XC9cL3d3dy5nYWxlcmllLW1lc3NtZXIuZGVcL3dwLWNvbnRlbnRcL3VwbG9hZHNcLzIwMjJcLzA0XC9BTkRSRS1FVkFSRC1CbHVtZW5zdHJhdXNzLWNhLi0xOTMwLW9lbC1hdWYtSGFydGZhc2VycGxhdHRlLTYwLXgtNDUtY20tODUwMC1FLmpwZyIsInNsaWRlc2hvdyI6IjM3MTkxOWMifQ%3D%3D\">\n\t\t\t\t\t<div class=\"e-gallery-image elementor-gallery-item__image\" data-thumbnail=\"https:\/\/www.galerie-messmer.de\/wp-content\/uploads\/2022\/04\/ANDRE-EVARD-Blumenstrauss-ca.-1930-oel-auf-Hartfaserplatte-60-x-45-cm-8500-E-768x1000.jpg\" data-width=\"768\" data-height=\"1000\" aria-label=\"\" role=\"img\" ><\/div>\n\t\t\t\t\t\t\t\t\t\t\t\t\t\t<\/a>\n\t\t\t\t\t\t\t<a class=\"e-gallery-item elementor-gallery-item elementor-animated-content\" href=\"https:\/\/www.galerie-messmer.de\/wp-content\/uploads\/2022\/04\/ANDRE-EVARD-Blumenstrauss-1939-36-x-30-cm-6800-E.jpg\" data-elementor-open-lightbox=\"yes\" data-elementor-lightbox-slideshow=\"371919c\" data-elementor-lightbox-title=\"Blumenstrauss\" data-e-action-hash=\"#elementor-action%3Aaction%3Dlightbox%26settings%3DeyJpZCI6MTE3MywidXJsIjoiaHR0cHM6XC9cL3d3dy5nYWxlcmllLW1lc3NtZXIuZGVcL3dwLWNvbnRlbnRcL3VwbG9hZHNcLzIwMjJcLzA0XC9BTkRSRS1FVkFSRC1CbHVtZW5zdHJhdXNzLTE5MzktMzYteC0zMC1jbS02ODAwLUUuanBnIiwic2xpZGVzaG93IjoiMzcxOTE5YyJ9\">\n\t\t\t\t\t<div class=\"e-gallery-image elementor-gallery-item__image\" data-thumbnail=\"https:\/\/www.galerie-messmer.de\/wp-content\/uploads\/2022\/04\/ANDRE-EVARD-Blumenstrauss-1939-36-x-30-cm-6800-E.jpg\" data-width=\"707\" data-height=\"826\" aria-label=\"\" role=\"img\" ><\/div>\n\t\t\t\t\t\t\t\t\t\t\t\t\t\t<\/a>\n\t\t\t\t\t<\/div>\n\t\t\t\t\t<\/div>\n\t\t\t\t<\/div>\n\t\t\t\t\t<\/div>\n\t\t<\/div>\n\t\t\t\t\t<\/div>\n\t\t<\/section>\n\t\t\t\t<\/div>\n\t\t","protected":false},"excerpt":{"rendered":"<p>A partir du 18 octobre 2020<\/p>\n","protected":false},"author":1,"featured_media":2604,"comment_status":"open","ping_status":"open","sticky":false,"template":"","format":"standard","meta":{"footnotes":""},"categories":[11,215],"tags":[],"class_list":["post-3092","post","type-post","status-publish","format-standard","has-post-thumbnail","hentry","category-ausstellung","category-exposition-fr"],"yoast_head":"<!-- This site is optimized with the Yoast SEO plugin v27.5 - https:\/\/yoast.com\/product\/yoast-seo-wordpress\/ -->\n<title>Andr\u00e9 Evard Arbres d&#039;automne - Galerie Messmer<\/title>\n<meta name=\"robots\" content=\"index, follow, max-snippet:-1, max-image-preview:large, max-video-preview:-1\" \/>\n<link rel=\"canonical\" href=\"https:\/\/www.galerie-messmer.de\/fr\/andre-evard-arbres-dautomne\/\" \/>\n<meta property=\"og:locale\" content=\"fr_FR\" \/>\n<meta property=\"og:type\" content=\"article\" \/>\n<meta property=\"og:title\" content=\"Andr\u00e9 Evard Arbres d&#039;automne - Galerie Messmer\" \/>\n<meta property=\"og:description\" content=\"A partir du 18 octobre 2020\" \/>\n<meta property=\"og:url\" content=\"https:\/\/www.galerie-messmer.de\/fr\/andre-evard-arbres-dautomne\/\" \/>\n<meta property=\"og:site_name\" content=\"Galerie Messmer\" \/>\n<meta property=\"article:published_time\" content=\"2020-10-18T14:44:00+00:00\" \/>\n<meta property=\"article:modified_time\" content=\"2022-05-20T11:59:12+00:00\" \/>\n<meta property=\"og:image\" content=\"https:\/\/www.galerie-messmer.de\/wp-content\/uploads\/2022\/04\/ANDRE-EVARD-Seelandschaft-bei-Sonnenuntergang-1965-Oel-auf-Hartfaserplatte-32-x-46-cm-6.900-E.jpg\" \/>\n\t<meta property=\"og:image:width\" content=\"1285\" \/>\n\t<meta property=\"og:image:height\" content=\"908\" \/>\n\t<meta property=\"og:image:type\" content=\"image\/jpeg\" \/>\n<meta name=\"author\" content=\"ErikLachfeld\" \/>\n<meta name=\"twitter:card\" content=\"summary_large_image\" \/>\n<meta name=\"twitter:label1\" content=\"\u00c9crit par\" \/>\n\t<meta name=\"twitter:data1\" content=\"ErikLachfeld\" \/>\n\t<meta name=\"twitter:label2\" content=\"Dur\u00e9e de lecture estim\u00e9e\" \/>\n\t<meta name=\"twitter:data2\" content=\"1 minute\" \/>\n<script type=\"application\/ld+json\" class=\"yoast-schema-graph\">{\"@context\":\"https:\\\/\\\/schema.org\",\"@graph\":[{\"@type\":\"Article\",\"@id\":\"https:\\\/\\\/www.galerie-messmer.de\\\/fr\\\/andre-evard-arbres-dautomne\\\/#article\",\"isPartOf\":{\"@id\":\"https:\\\/\\\/www.galerie-messmer.de\\\/fr\\\/andre-evard-arbres-dautomne\\\/\"},\"author\":{\"name\":\"ErikLachfeld\",\"@id\":\"https:\\\/\\\/www.galerie-messmer.de\\\/fr\\\/#\\\/schema\\\/person\\\/e16a7716632ed3aaf680bb16c41bb7d3\"},\"headline\":\"Andr\u00e9 Evard Arbres d&rsquo;automne\",\"datePublished\":\"2020-10-18T14:44:00+00:00\",\"dateModified\":\"2022-05-20T11:59:12+00:00\",\"mainEntityOfPage\":{\"@id\":\"https:\\\/\\\/www.galerie-messmer.de\\\/fr\\\/andre-evard-arbres-dautomne\\\/\"},\"wordCount\":279,\"commentCount\":0,\"publisher\":{\"@id\":\"https:\\\/\\\/www.galerie-messmer.de\\\/fr\\\/#organization\"},\"image\":{\"@id\":\"https:\\\/\\\/www.galerie-messmer.de\\\/fr\\\/andre-evard-arbres-dautomne\\\/#primaryimage\"},\"thumbnailUrl\":\"https:\\\/\\\/www.galerie-messmer.de\\\/wp-content\\\/uploads\\\/2022\\\/04\\\/ANDRE-EVARD-Seelandschaft-bei-Sonnenuntergang-1965-Oel-auf-Hartfaserplatte-32-x-46-cm-6.900-E.jpg\",\"articleSection\":[\"Ausstellung\",\"exposition\"],\"inLanguage\":\"fr-FR\"},{\"@type\":\"WebPage\",\"@id\":\"https:\\\/\\\/www.galerie-messmer.de\\\/fr\\\/andre-evard-arbres-dautomne\\\/\",\"url\":\"https:\\\/\\\/www.galerie-messmer.de\\\/fr\\\/andre-evard-arbres-dautomne\\\/\",\"name\":\"Andr\u00e9 Evard Arbres d'automne - Galerie Messmer\",\"isPartOf\":{\"@id\":\"https:\\\/\\\/www.galerie-messmer.de\\\/fr\\\/#website\"},\"primaryImageOfPage\":{\"@id\":\"https:\\\/\\\/www.galerie-messmer.de\\\/fr\\\/andre-evard-arbres-dautomne\\\/#primaryimage\"},\"image\":{\"@id\":\"https:\\\/\\\/www.galerie-messmer.de\\\/fr\\\/andre-evard-arbres-dautomne\\\/#primaryimage\"},\"thumbnailUrl\":\"https:\\\/\\\/www.galerie-messmer.de\\\/wp-content\\\/uploads\\\/2022\\\/04\\\/ANDRE-EVARD-Seelandschaft-bei-Sonnenuntergang-1965-Oel-auf-Hartfaserplatte-32-x-46-cm-6.900-E.jpg\",\"datePublished\":\"2020-10-18T14:44:00+00:00\",\"dateModified\":\"2022-05-20T11:59:12+00:00\",\"breadcrumb\":{\"@id\":\"https:\\\/\\\/www.galerie-messmer.de\\\/fr\\\/andre-evard-arbres-dautomne\\\/#breadcrumb\"},\"inLanguage\":\"fr-FR\",\"potentialAction\":[{\"@type\":\"ReadAction\",\"target\":[\"https:\\\/\\\/www.galerie-messmer.de\\\/fr\\\/andre-evard-arbres-dautomne\\\/\"]}]},{\"@type\":\"ImageObject\",\"inLanguage\":\"fr-FR\",\"@id\":\"https:\\\/\\\/www.galerie-messmer.de\\\/fr\\\/andre-evard-arbres-dautomne\\\/#primaryimage\",\"url\":\"https:\\\/\\\/www.galerie-messmer.de\\\/wp-content\\\/uploads\\\/2022\\\/04\\\/ANDRE-EVARD-Seelandschaft-bei-Sonnenuntergang-1965-Oel-auf-Hartfaserplatte-32-x-46-cm-6.900-E.jpg\",\"contentUrl\":\"https:\\\/\\\/www.galerie-messmer.de\\\/wp-content\\\/uploads\\\/2022\\\/04\\\/ANDRE-EVARD-Seelandschaft-bei-Sonnenuntergang-1965-Oel-auf-Hartfaserplatte-32-x-46-cm-6.900-E.jpg\",\"width\":1285,\"height\":908,\"caption\":\"Seelandschaft bei Sonnenuntergang\"},{\"@type\":\"BreadcrumbList\",\"@id\":\"https:\\\/\\\/www.galerie-messmer.de\\\/fr\\\/andre-evard-arbres-dautomne\\\/#breadcrumb\",\"itemListElement\":[{\"@type\":\"ListItem\",\"position\":1,\"name\":\"Startseite\",\"item\":\"https:\\\/\\\/www.galerie-messmer.de\\\/fr\\\/domicile\\\/\"},{\"@type\":\"ListItem\",\"position\":2,\"name\":\"Andr\u00e9 Evard Arbres d&#8217;automne\"}]},{\"@type\":\"WebSite\",\"@id\":\"https:\\\/\\\/www.galerie-messmer.de\\\/fr\\\/#website\",\"url\":\"https:\\\/\\\/www.galerie-messmer.de\\\/fr\\\/\",\"name\":\"Galerie Messmer\",\"description\":\"Die Kunstgalerie am Kaiserstuhl\",\"publisher\":{\"@id\":\"https:\\\/\\\/www.galerie-messmer.de\\\/fr\\\/#organization\"},\"potentialAction\":[{\"@type\":\"SearchAction\",\"target\":{\"@type\":\"EntryPoint\",\"urlTemplate\":\"https:\\\/\\\/www.galerie-messmer.de\\\/fr\\\/?s={search_term_string}\"},\"query-input\":{\"@type\":\"PropertyValueSpecification\",\"valueRequired\":true,\"valueName\":\"search_term_string\"}}],\"inLanguage\":\"fr-FR\"},{\"@type\":\"Organization\",\"@id\":\"https:\\\/\\\/www.galerie-messmer.de\\\/fr\\\/#organization\",\"name\":\"Galerie Messmer\",\"url\":\"https:\\\/\\\/www.galerie-messmer.de\\\/fr\\\/\",\"logo\":{\"@type\":\"ImageObject\",\"inLanguage\":\"fr-FR\",\"@id\":\"https:\\\/\\\/www.galerie-messmer.de\\\/fr\\\/#\\\/schema\\\/logo\\\/image\\\/\",\"url\":\"https:\\\/\\\/www.galerie-messmer.de\\\/wp-content\\\/uploads\\\/2022\\\/03\\\/cropped-GalerieMessmerLogo.png\",\"contentUrl\":\"https:\\\/\\\/www.galerie-messmer.de\\\/wp-content\\\/uploads\\\/2022\\\/03\\\/cropped-GalerieMessmerLogo.png\",\"width\":2000,\"height\":250,\"caption\":\"Galerie Messmer\"},\"image\":{\"@id\":\"https:\\\/\\\/www.galerie-messmer.de\\\/fr\\\/#\\\/schema\\\/logo\\\/image\\\/\"}},{\"@type\":\"Person\",\"@id\":\"https:\\\/\\\/www.galerie-messmer.de\\\/fr\\\/#\\\/schema\\\/person\\\/e16a7716632ed3aaf680bb16c41bb7d3\",\"name\":\"ErikLachfeld\",\"image\":{\"@type\":\"ImageObject\",\"inLanguage\":\"fr-FR\",\"@id\":\"https:\\\/\\\/secure.gravatar.com\\\/avatar\\\/7cb8fd4f7c13ceda851b4ed47641f0163f4d720ad9eab597d131e2944d37edd6?s=96&d=mm&r=g\",\"url\":\"https:\\\/\\\/secure.gravatar.com\\\/avatar\\\/7cb8fd4f7c13ceda851b4ed47641f0163f4d720ad9eab597d131e2944d37edd6?s=96&d=mm&r=g\",\"contentUrl\":\"https:\\\/\\\/secure.gravatar.com\\\/avatar\\\/7cb8fd4f7c13ceda851b4ed47641f0163f4d720ad9eab597d131e2944d37edd6?s=96&d=mm&r=g\",\"caption\":\"ErikLachfeld\"},\"sameAs\":[\"https:\\\/\\\/www.galerie-messmer.de\"],\"url\":\"https:\\\/\\\/www.galerie-messmer.de\\\/fr\\\/author\\\/eriklachfeld\\\/\"}]}<\/script>\n<!-- \/ Yoast SEO plugin. -->","yoast_head_json":{"title":"Andr\u00e9 Evard Arbres d'automne - Galerie Messmer","robots":{"index":"index","follow":"follow","max-snippet":"max-snippet:-1","max-image-preview":"max-image-preview:large","max-video-preview":"max-video-preview:-1"},"canonical":"https:\/\/www.galerie-messmer.de\/fr\/andre-evard-arbres-dautomne\/","og_locale":"fr_FR","og_type":"article","og_title":"Andr\u00e9 Evard Arbres d'automne - Galerie Messmer","og_description":"A partir du 18 octobre 2020","og_url":"https:\/\/www.galerie-messmer.de\/fr\/andre-evard-arbres-dautomne\/","og_site_name":"Galerie Messmer","article_published_time":"2020-10-18T14:44:00+00:00","article_modified_time":"2022-05-20T11:59:12+00:00","og_image":[{"width":1285,"height":908,"url":"https:\/\/www.galerie-messmer.de\/wp-content\/uploads\/2022\/04\/ANDRE-EVARD-Seelandschaft-bei-Sonnenuntergang-1965-Oel-auf-Hartfaserplatte-32-x-46-cm-6.900-E.jpg","type":"image\/jpeg"}],"author":"ErikLachfeld","twitter_card":"summary_large_image","twitter_misc":{"\u00c9crit par":"ErikLachfeld","Dur\u00e9e de lecture estim\u00e9e":"1 minute"},"schema":{"@context":"https:\/\/schema.org","@graph":[{"@type":"Article","@id":"https:\/\/www.galerie-messmer.de\/fr\/andre-evard-arbres-dautomne\/#article","isPartOf":{"@id":"https:\/\/www.galerie-messmer.de\/fr\/andre-evard-arbres-dautomne\/"},"author":{"name":"ErikLachfeld","@id":"https:\/\/www.galerie-messmer.de\/fr\/#\/schema\/person\/e16a7716632ed3aaf680bb16c41bb7d3"},"headline":"Andr\u00e9 Evard Arbres d&rsquo;automne","datePublished":"2020-10-18T14:44:00+00:00","dateModified":"2022-05-20T11:59:12+00:00","mainEntityOfPage":{"@id":"https:\/\/www.galerie-messmer.de\/fr\/andre-evard-arbres-dautomne\/"},"wordCount":279,"commentCount":0,"publisher":{"@id":"https:\/\/www.galerie-messmer.de\/fr\/#organization"},"image":{"@id":"https:\/\/www.galerie-messmer.de\/fr\/andre-evard-arbres-dautomne\/#primaryimage"},"thumbnailUrl":"https:\/\/www.galerie-messmer.de\/wp-content\/uploads\/2022\/04\/ANDRE-EVARD-Seelandschaft-bei-Sonnenuntergang-1965-Oel-auf-Hartfaserplatte-32-x-46-cm-6.900-E.jpg","articleSection":["Ausstellung","exposition"],"inLanguage":"fr-FR"},{"@type":"WebPage","@id":"https:\/\/www.galerie-messmer.de\/fr\/andre-evard-arbres-dautomne\/","url":"https:\/\/www.galerie-messmer.de\/fr\/andre-evard-arbres-dautomne\/","name":"Andr\u00e9 Evard Arbres d'automne - Galerie Messmer","isPartOf":{"@id":"https:\/\/www.galerie-messmer.de\/fr\/#website"},"primaryImageOfPage":{"@id":"https:\/\/www.galerie-messmer.de\/fr\/andre-evard-arbres-dautomne\/#primaryimage"},"image":{"@id":"https:\/\/www.galerie-messmer.de\/fr\/andre-evard-arbres-dautomne\/#primaryimage"},"thumbnailUrl":"https:\/\/www.galerie-messmer.de\/wp-content\/uploads\/2022\/04\/ANDRE-EVARD-Seelandschaft-bei-Sonnenuntergang-1965-Oel-auf-Hartfaserplatte-32-x-46-cm-6.900-E.jpg","datePublished":"2020-10-18T14:44:00+00:00","dateModified":"2022-05-20T11:59:12+00:00","breadcrumb":{"@id":"https:\/\/www.galerie-messmer.de\/fr\/andre-evard-arbres-dautomne\/#breadcrumb"},"inLanguage":"fr-FR","potentialAction":[{"@type":"ReadAction","target":["https:\/\/www.galerie-messmer.de\/fr\/andre-evard-arbres-dautomne\/"]}]},{"@type":"ImageObject","inLanguage":"fr-FR","@id":"https:\/\/www.galerie-messmer.de\/fr\/andre-evard-arbres-dautomne\/#primaryimage","url":"https:\/\/www.galerie-messmer.de\/wp-content\/uploads\/2022\/04\/ANDRE-EVARD-Seelandschaft-bei-Sonnenuntergang-1965-Oel-auf-Hartfaserplatte-32-x-46-cm-6.900-E.jpg","contentUrl":"https:\/\/www.galerie-messmer.de\/wp-content\/uploads\/2022\/04\/ANDRE-EVARD-Seelandschaft-bei-Sonnenuntergang-1965-Oel-auf-Hartfaserplatte-32-x-46-cm-6.900-E.jpg","width":1285,"height":908,"caption":"Seelandschaft bei Sonnenuntergang"},{"@type":"BreadcrumbList","@id":"https:\/\/www.galerie-messmer.de\/fr\/andre-evard-arbres-dautomne\/#breadcrumb","itemListElement":[{"@type":"ListItem","position":1,"name":"Startseite","item":"https:\/\/www.galerie-messmer.de\/fr\/domicile\/"},{"@type":"ListItem","position":2,"name":"Andr\u00e9 Evard Arbres d&#8217;automne"}]},{"@type":"WebSite","@id":"https:\/\/www.galerie-messmer.de\/fr\/#website","url":"https:\/\/www.galerie-messmer.de\/fr\/","name":"Galerie Messmer","description":"Die Kunstgalerie am Kaiserstuhl","publisher":{"@id":"https:\/\/www.galerie-messmer.de\/fr\/#organization"},"potentialAction":[{"@type":"SearchAction","target":{"@type":"EntryPoint","urlTemplate":"https:\/\/www.galerie-messmer.de\/fr\/?s={search_term_string}"},"query-input":{"@type":"PropertyValueSpecification","valueRequired":true,"valueName":"search_term_string"}}],"inLanguage":"fr-FR"},{"@type":"Organization","@id":"https:\/\/www.galerie-messmer.de\/fr\/#organization","name":"Galerie Messmer","url":"https:\/\/www.galerie-messmer.de\/fr\/","logo":{"@type":"ImageObject","inLanguage":"fr-FR","@id":"https:\/\/www.galerie-messmer.de\/fr\/#\/schema\/logo\/image\/","url":"https:\/\/www.galerie-messmer.de\/wp-content\/uploads\/2022\/03\/cropped-GalerieMessmerLogo.png","contentUrl":"https:\/\/www.galerie-messmer.de\/wp-content\/uploads\/2022\/03\/cropped-GalerieMessmerLogo.png","width":2000,"height":250,"caption":"Galerie Messmer"},"image":{"@id":"https:\/\/www.galerie-messmer.de\/fr\/#\/schema\/logo\/image\/"}},{"@type":"Person","@id":"https:\/\/www.galerie-messmer.de\/fr\/#\/schema\/person\/e16a7716632ed3aaf680bb16c41bb7d3","name":"ErikLachfeld","image":{"@type":"ImageObject","inLanguage":"fr-FR","@id":"https:\/\/secure.gravatar.com\/avatar\/7cb8fd4f7c13ceda851b4ed47641f0163f4d720ad9eab597d131e2944d37edd6?s=96&d=mm&r=g","url":"https:\/\/secure.gravatar.com\/avatar\/7cb8fd4f7c13ceda851b4ed47641f0163f4d720ad9eab597d131e2944d37edd6?s=96&d=mm&r=g","contentUrl":"https:\/\/secure.gravatar.com\/avatar\/7cb8fd4f7c13ceda851b4ed47641f0163f4d720ad9eab597d131e2944d37edd6?s=96&d=mm&r=g","caption":"ErikLachfeld"},"sameAs":["https:\/\/www.galerie-messmer.de"],"url":"https:\/\/www.galerie-messmer.de\/fr\/author\/eriklachfeld\/"}]}},"_links":{"self":[{"href":"https:\/\/www.galerie-messmer.de\/fr\/wp-json\/wp\/v2\/posts\/3092","targetHints":{"allow":["GET"]}}],"collection":[{"href":"https:\/\/www.galerie-messmer.de\/fr\/wp-json\/wp\/v2\/posts"}],"about":[{"href":"https:\/\/www.galerie-messmer.de\/fr\/wp-json\/wp\/v2\/types\/post"}],"author":[{"embeddable":true,"href":"https:\/\/www.galerie-messmer.de\/fr\/wp-json\/wp\/v2\/users\/1"}],"replies":[{"embeddable":true,"href":"https:\/\/www.galerie-messmer.de\/fr\/wp-json\/wp\/v2\/comments?post=3092"}],"version-history":[{"count":4,"href":"https:\/\/www.galerie-messmer.de\/fr\/wp-json\/wp\/v2\/posts\/3092\/revisions"}],"predecessor-version":[{"id":3677,"href":"https:\/\/www.galerie-messmer.de\/fr\/wp-json\/wp\/v2\/posts\/3092\/revisions\/3677"}],"wp:featuredmedia":[{"embeddable":true,"href":"https:\/\/www.galerie-messmer.de\/fr\/wp-json\/wp\/v2\/media\/2604"}],"wp:attachment":[{"href":"https:\/\/www.galerie-messmer.de\/fr\/wp-json\/wp\/v2\/media?parent=3092"}],"wp:term":[{"taxonomy":"category","embeddable":true,"href":"https:\/\/www.galerie-messmer.de\/fr\/wp-json\/wp\/v2\/categories?post=3092"},{"taxonomy":"post_tag","embeddable":true,"href":"https:\/\/www.galerie-messmer.de\/fr\/wp-json\/wp\/v2\/tags?post=3092"}],"curies":[{"name":"wp","href":"https:\/\/api.w.org\/{rel}","templated":true}]}}