{"id":3152,"date":"2015-05-11T12:37:00","date_gmt":"2015-05-11T10:37:00","guid":{"rendered":"https:\/\/www.galerie-messmer.de\/non-classifiee\/bernd-kirschner-peinture\/"},"modified":"2022-05-20T14:13:10","modified_gmt":"2022-05-20T12:13:10","slug":"bernd-kirschner-peinture","status":"publish","type":"post","link":"https:\/\/www.galerie-messmer.de\/fr\/bernd-kirschner-peinture\/","title":{"rendered":"Bernd Kirschner &#8211; peinture"},"content":{"rendered":"\t\t<div data-elementor-type=\"wp-post\" data-elementor-id=\"3152\" class=\"elementor elementor-3152 elementor-1529\" data-elementor-post-type=\"post\">\n\t\t\t\t\t\t<section class=\"elementor-section elementor-top-section elementor-element elementor-element-77e729f elementor-section-full_width elementor-section-height-min-height elementor-section-height-default elementor-section-items-middle\" data-id=\"77e729f\" data-element_type=\"section\" data-e-type=\"section\" data-settings=\"{&quot;background_background&quot;:&quot;slideshow&quot;,&quot;background_slideshow_gallery&quot;:[{&quot;id&quot;:1530,&quot;url&quot;:&quot;https:\\\/\\\/www.galerie-messmer.de\\\/wp-content\\\/uploads\\\/2022\\\/04\\\/kirschner3.jpg&quot;}],&quot;background_slideshow_ken_burns&quot;:&quot;yes&quot;,&quot;background_slideshow_loop&quot;:&quot;yes&quot;,&quot;background_slideshow_slide_duration&quot;:5000,&quot;background_slideshow_slide_transition&quot;:&quot;fade&quot;,&quot;background_slideshow_transition_duration&quot;:500,&quot;background_slideshow_ken_burns_zoom_direction&quot;:&quot;in&quot;}\">\n\t\t\t\t\t\t\t<div class=\"elementor-background-overlay\"><\/div>\n\t\t\t\t\t\t\t<div class=\"elementor-container elementor-column-gap-no\">\n\t\t\t\t\t<div class=\"elementor-column elementor-col-100 elementor-top-column elementor-element elementor-element-25e9087\" data-id=\"25e9087\" data-element_type=\"column\" data-e-type=\"column\">\n\t\t\t<div class=\"elementor-widget-wrap elementor-element-populated\">\n\t\t\t\t\t\t<div class=\"elementor-element elementor-element-73c7ef1 elementor-invisible elementor-widget elementor-widget-heading\" data-id=\"73c7ef1\" data-element_type=\"widget\" data-e-type=\"widget\" data-settings=\"{&quot;_animation&quot;:&quot;fadeInUp&quot;}\" data-widget_type=\"heading.default\">\n\t\t\t\t<div class=\"elementor-widget-container\">\n\t\t\t\t\t<h1 class=\"elementor-heading-title elementor-size-default\">Bernd Kirschner<\/h1>\t\t\t\t<\/div>\n\t\t\t\t<\/div>\n\t\t\t\t<div class=\"elementor-element elementor-element-0e33a1f elementor-invisible elementor-widget elementor-widget-heading\" data-id=\"0e33a1f\" data-element_type=\"widget\" data-e-type=\"widget\" data-settings=\"{&quot;_animation&quot;:&quot;fadeInUp&quot;,&quot;_animation_delay&quot;:200}\" data-widget_type=\"heading.default\">\n\t\t\t\t<div class=\"elementor-widget-container\">\n\t\t\t\t\t<h2 class=\"elementor-heading-title elementor-size-default\">La peinture<\/h2>\t\t\t\t<\/div>\n\t\t\t\t<\/div>\n\t\t\t\t<div class=\"elementor-element elementor-element-a91c2eb elementor-align-center elementor-invisible elementor-widget elementor-widget-button\" data-id=\"a91c2eb\" data-element_type=\"widget\" data-e-type=\"widget\" data-settings=\"{&quot;_animation&quot;:&quot;fadeInUp&quot;,&quot;_animation_delay&quot;:400}\" data-widget_type=\"button.default\">\n\t\t\t\t<div class=\"elementor-widget-container\">\n\t\t\t\t\t\t\t\t\t<div class=\"elementor-button-wrapper\">\n\t\t\t\t\t<a class=\"elementor-button elementor-button-link elementor-size-sm\" href=\"#suivant\">\n\t\t\t\t\t\t<span class=\"elementor-button-content-wrapper\">\n\t\t\t\t\t\t<span class=\"elementor-button-icon\">\n\t\t\t\t<i aria-hidden=\"true\" class=\"fas fa-arrow-down\"><\/i>\t\t\t<\/span>\n\t\t\t\t\t\t\t\t\t<span class=\"elementor-button-text\">voir l'exposition<\/span>\n\t\t\t\t\t<\/span>\n\t\t\t\t\t<\/a>\n\t\t\t\t<\/div>\n\t\t\t\t\t\t\t\t<\/div>\n\t\t\t\t<\/div>\n\t\t\t\t\t<\/div>\n\t\t<\/div>\n\t\t\t\t\t<\/div>\n\t\t<\/section>\n\t\t\t\t<section class=\"elementor-section elementor-top-section elementor-element elementor-element-e7c4de5 elementor-section-boxed elementor-section-height-default elementor-section-height-default\" data-id=\"e7c4de5\" data-element_type=\"section\" data-e-type=\"section\" id=\"next\">\n\t\t\t\t\t\t<div class=\"elementor-container elementor-column-gap-default\">\n\t\t\t\t\t<div class=\"elementor-column elementor-col-100 elementor-top-column elementor-element elementor-element-ccff200\" data-id=\"ccff200\" data-element_type=\"column\" data-e-type=\"column\">\n\t\t\t<div class=\"elementor-widget-wrap elementor-element-populated\">\n\t\t\t\t\t\t<div class=\"elementor-element elementor-element-31502e6 elementor-widget elementor-widget-heading\" data-id=\"31502e6\" data-element_type=\"widget\" data-e-type=\"widget\" data-widget_type=\"heading.default\">\n\t\t\t\t<div class=\"elementor-widget-container\">\n\t\t\t\t\t<h2 class=\"elementor-heading-title elementor-size-default\">Bernd Kirschner <\/h2>\t\t\t\t<\/div>\n\t\t\t\t<\/div>\n\t\t\t\t<section class=\"elementor-section elementor-inner-section elementor-element elementor-element-7c3bd06 elementor-section-boxed elementor-section-height-default elementor-section-height-default\" data-id=\"7c3bd06\" data-element_type=\"section\" data-e-type=\"section\">\n\t\t\t\t\t\t<div class=\"elementor-container elementor-column-gap-default\">\n\t\t\t\t\t<div class=\"elementor-column elementor-col-33 elementor-inner-column elementor-element elementor-element-199c573\" data-id=\"199c573\" data-element_type=\"column\" data-e-type=\"column\">\n\t\t\t<div class=\"elementor-widget-wrap elementor-element-populated\">\n\t\t\t\t\t\t<div class=\"elementor-element elementor-element-a3a6ddb elementor-widget elementor-widget-image\" data-id=\"a3a6ddb\" data-element_type=\"widget\" data-e-type=\"widget\" data-widget_type=\"image.default\">\n\t\t\t\t<div class=\"elementor-widget-container\">\n\t\t\t\t\t\t\t\t\t\t\t\t\t\t\t\t<a href=\"https:\/\/www.galerie-messmer.de\/wp-content\/uploads\/2022\/04\/kirschner3.jpg\" data-elementor-open-lightbox=\"yes\" data-e-action-hash=\"#elementor-action%3Aaction%3Dlightbox%26settings%3DeyJpZCI6Mjc4MCwidXJsIjoiaHR0cHM6XC9cL3d3dy5nYWxlcmllLW1lc3NtZXIuZGVcL3dwLWNvbnRlbnRcL3VwbG9hZHNcLzIwMjJcLzA0XC9raXJzY2huZXIzLmpwZyJ9\">\n\t\t\t\t\t\t\t<img fetchpriority=\"high\" decoding=\"async\" width=\"600\" height=\"401\" src=\"https:\/\/www.galerie-messmer.de\/wp-content\/uploads\/2022\/04\/kirschner3.jpg\" class=\"attachment-large size-large wp-image-2780\" alt=\"\" srcset=\"https:\/\/www.galerie-messmer.de\/wp-content\/uploads\/2022\/04\/kirschner3.jpg 600w, https:\/\/www.galerie-messmer.de\/wp-content\/uploads\/2022\/04\/kirschner3-300x201.jpg 300w\" sizes=\"(max-width: 600px) 100vw, 600px\" \/>\t\t\t\t\t\t\t\t<\/a>\n\t\t\t\t\t\t\t\t\t\t\t\t\t\t\t<\/div>\n\t\t\t\t<\/div>\n\t\t\t\t\t<\/div>\n\t\t<\/div>\n\t\t\t\t<div class=\"elementor-column elementor-col-66 elementor-inner-column elementor-element elementor-element-ea110a1\" data-id=\"ea110a1\" data-element_type=\"column\" data-e-type=\"column\">\n\t\t\t<div class=\"elementor-widget-wrap elementor-element-populated\">\n\t\t\t\t\t\t<div class=\"elementor-element elementor-element-5906ca9 elementor-widget elementor-widget-text-editor\" data-id=\"5906ca9\" data-element_type=\"widget\" data-e-type=\"widget\" data-widget_type=\"text-editor.default\">\n\t\t\t\t<div class=\"elementor-widget-container\">\n\t\t\t\t\t\t\t\t\t<div class=\"wp-block-media-text__content\"><p>Bernd Kirschner est n\u00e9 \u00e0 Memmingen en 1980 et a \u00e9tudi\u00e9 \u00e0 l&rsquo;Acad\u00e9mie nationale des beaux-arts de Stuttgart de 2000 \u00e0 2006. Il vit et travaille \u00e0 Berlin, avec des expositions aux \u00c9tats-Unis et en Asie, entre autres. \u00c0 l&rsquo;automne 2014, il a occup\u00e9 un poste de professeur invit\u00e9 en Chine.<\/p><p>Les \u0153uvres de Bernd Kirschner, principalement des peintures \u00e0 l&rsquo;acrylique et \u00e0 l&rsquo;huile, capturent une ambiance de lumi\u00e8re presque mystique. Il arrange des peintures de paysages paisibles, reprenant toujours le motif de l&rsquo;eau. Derri\u00e8re des volutes de brouillard, ses figures d\u00e9licates semblent retir\u00e9es du monde &#8211; n\u00e9anmoins ses peintures captivent par leur qualit\u00e9 brillante et une palette de couleurs tr\u00e8s fine. Ses \u0153uvres tr\u00e8s atmosph\u00e9riques montrent de nombreuses r\u00e9f\u00e9rences \u00e0 la tradition de la peinture chinoise.<\/p><\/div>\t\t\t\t\t\t\t\t<\/div>\n\t\t\t\t<\/div>\n\t\t\t\t\t<\/div>\n\t\t<\/div>\n\t\t\t\t\t<\/div>\n\t\t<\/section>\n\t\t\t\t\t<\/div>\n\t\t<\/div>\n\t\t\t\t\t<\/div>\n\t\t<\/section>\n\t\t\t\t<\/div>\n\t\t","protected":false},"excerpt":{"rendered":"<p>Bernd Kirschner La peinture voir l&rsquo;exposition Bernd Kirschner Bernd Kirschner est n\u00e9 \u00e0 Memmingen en 1980 et a \u00e9tudi\u00e9 \u00e0 l&rsquo;Acad\u00e9mie nationale des beaux-arts de Stuttgart de 2000 \u00e0 2006. Il vit et travaille \u00e0 Berlin, avec des expositions aux \u00c9tats-Unis et en Asie, entre autres. \u00c0 l&rsquo;automne 2014, il a occup\u00e9 un poste de [&hellip;]<\/p>\n","protected":false},"author":1,"featured_media":2780,"comment_status":"open","ping_status":"open","sticky":false,"template":"","format":"standard","meta":{"footnotes":""},"categories":[11,215],"tags":[],"class_list":["post-3152","post","type-post","status-publish","format-standard","has-post-thumbnail","hentry","category-ausstellung","category-exposition-fr"],"yoast_head":"<!-- This site is optimized with the Yoast SEO plugin v27.5 - https:\/\/yoast.com\/product\/yoast-seo-wordpress\/ -->\n<title>Bernd Kirschner - peinture - Galerie Messmer<\/title>\n<meta name=\"robots\" content=\"index, follow, max-snippet:-1, max-image-preview:large, max-video-preview:-1\" \/>\n<link rel=\"canonical\" href=\"https:\/\/www.galerie-messmer.de\/fr\/bernd-kirschner-peinture\/\" \/>\n<meta property=\"og:locale\" content=\"fr_FR\" \/>\n<meta property=\"og:type\" content=\"article\" \/>\n<meta property=\"og:title\" content=\"Bernd Kirschner - peinture - Galerie Messmer\" \/>\n<meta property=\"og:description\" content=\"Bernd Kirschner La peinture voir l&rsquo;exposition Bernd Kirschner Bernd Kirschner est n\u00e9 \u00e0 Memmingen en 1980 et a \u00e9tudi\u00e9 \u00e0 l&rsquo;Acad\u00e9mie nationale des beaux-arts de Stuttgart de 2000 \u00e0 2006. Il vit et travaille \u00e0 Berlin, avec des expositions aux \u00c9tats-Unis et en Asie, entre autres. \u00c0 l&rsquo;automne 2014, il a occup\u00e9 un poste de [&hellip;]\" \/>\n<meta property=\"og:url\" content=\"https:\/\/www.galerie-messmer.de\/fr\/bernd-kirschner-peinture\/\" \/>\n<meta property=\"og:site_name\" content=\"Galerie Messmer\" \/>\n<meta property=\"article:published_time\" content=\"2015-05-11T10:37:00+00:00\" \/>\n<meta property=\"article:modified_time\" content=\"2022-05-20T12:13:10+00:00\" \/>\n<meta property=\"og:image\" content=\"https:\/\/www.galerie-messmer.de\/wp-content\/uploads\/2022\/04\/kirschner3.jpg\" \/>\n\t<meta property=\"og:image:width\" content=\"600\" \/>\n\t<meta property=\"og:image:height\" content=\"401\" \/>\n\t<meta property=\"og:image:type\" content=\"image\/jpeg\" \/>\n<meta name=\"author\" content=\"ErikLachfeld\" \/>\n<meta name=\"twitter:card\" content=\"summary_large_image\" \/>\n<meta name=\"twitter:label1\" content=\"\u00c9crit par\" \/>\n\t<meta name=\"twitter:data1\" content=\"ErikLachfeld\" \/>\n\t<meta name=\"twitter:label2\" content=\"Dur\u00e9e de lecture estim\u00e9e\" \/>\n\t<meta name=\"twitter:data2\" content=\"1 minute\" \/>\n<script type=\"application\/ld+json\" class=\"yoast-schema-graph\">{\"@context\":\"https:\\\/\\\/schema.org\",\"@graph\":[{\"@type\":\"Article\",\"@id\":\"https:\\\/\\\/www.galerie-messmer.de\\\/fr\\\/bernd-kirschner-peinture\\\/#article\",\"isPartOf\":{\"@id\":\"https:\\\/\\\/www.galerie-messmer.de\\\/fr\\\/bernd-kirschner-peinture\\\/\"},\"author\":{\"name\":\"ErikLachfeld\",\"@id\":\"https:\\\/\\\/www.galerie-messmer.de\\\/fr\\\/#\\\/schema\\\/person\\\/e16a7716632ed3aaf680bb16c41bb7d3\"},\"headline\":\"Bernd Kirschner &#8211; peinture\",\"datePublished\":\"2015-05-11T10:37:00+00:00\",\"dateModified\":\"2022-05-20T12:13:10+00:00\",\"mainEntityOfPage\":{\"@id\":\"https:\\\/\\\/www.galerie-messmer.de\\\/fr\\\/bernd-kirschner-peinture\\\/\"},\"wordCount\":144,\"commentCount\":0,\"publisher\":{\"@id\":\"https:\\\/\\\/www.galerie-messmer.de\\\/fr\\\/#organization\"},\"image\":{\"@id\":\"https:\\\/\\\/www.galerie-messmer.de\\\/fr\\\/bernd-kirschner-peinture\\\/#primaryimage\"},\"thumbnailUrl\":\"https:\\\/\\\/www.galerie-messmer.de\\\/wp-content\\\/uploads\\\/2022\\\/04\\\/kirschner3.jpg\",\"articleSection\":[\"Ausstellung\",\"exposition\"],\"inLanguage\":\"fr-FR\"},{\"@type\":\"WebPage\",\"@id\":\"https:\\\/\\\/www.galerie-messmer.de\\\/fr\\\/bernd-kirschner-peinture\\\/\",\"url\":\"https:\\\/\\\/www.galerie-messmer.de\\\/fr\\\/bernd-kirschner-peinture\\\/\",\"name\":\"Bernd Kirschner - peinture - Galerie Messmer\",\"isPartOf\":{\"@id\":\"https:\\\/\\\/www.galerie-messmer.de\\\/fr\\\/#website\"},\"primaryImageOfPage\":{\"@id\":\"https:\\\/\\\/www.galerie-messmer.de\\\/fr\\\/bernd-kirschner-peinture\\\/#primaryimage\"},\"image\":{\"@id\":\"https:\\\/\\\/www.galerie-messmer.de\\\/fr\\\/bernd-kirschner-peinture\\\/#primaryimage\"},\"thumbnailUrl\":\"https:\\\/\\\/www.galerie-messmer.de\\\/wp-content\\\/uploads\\\/2022\\\/04\\\/kirschner3.jpg\",\"datePublished\":\"2015-05-11T10:37:00+00:00\",\"dateModified\":\"2022-05-20T12:13:10+00:00\",\"breadcrumb\":{\"@id\":\"https:\\\/\\\/www.galerie-messmer.de\\\/fr\\\/bernd-kirschner-peinture\\\/#breadcrumb\"},\"inLanguage\":\"fr-FR\",\"potentialAction\":[{\"@type\":\"ReadAction\",\"target\":[\"https:\\\/\\\/www.galerie-messmer.de\\\/fr\\\/bernd-kirschner-peinture\\\/\"]}]},{\"@type\":\"ImageObject\",\"inLanguage\":\"fr-FR\",\"@id\":\"https:\\\/\\\/www.galerie-messmer.de\\\/fr\\\/bernd-kirschner-peinture\\\/#primaryimage\",\"url\":\"https:\\\/\\\/www.galerie-messmer.de\\\/wp-content\\\/uploads\\\/2022\\\/04\\\/kirschner3.jpg\",\"contentUrl\":\"https:\\\/\\\/www.galerie-messmer.de\\\/wp-content\\\/uploads\\\/2022\\\/04\\\/kirschner3.jpg\",\"width\":600,\"height\":401},{\"@type\":\"BreadcrumbList\",\"@id\":\"https:\\\/\\\/www.galerie-messmer.de\\\/fr\\\/bernd-kirschner-peinture\\\/#breadcrumb\",\"itemListElement\":[{\"@type\":\"ListItem\",\"position\":1,\"name\":\"Startseite\",\"item\":\"https:\\\/\\\/www.galerie-messmer.de\\\/fr\\\/domicile\\\/\"},{\"@type\":\"ListItem\",\"position\":2,\"name\":\"Bernd Kirschner &#8211; peinture\"}]},{\"@type\":\"WebSite\",\"@id\":\"https:\\\/\\\/www.galerie-messmer.de\\\/fr\\\/#website\",\"url\":\"https:\\\/\\\/www.galerie-messmer.de\\\/fr\\\/\",\"name\":\"Galerie Messmer\",\"description\":\"Die Kunstgalerie am Kaiserstuhl\",\"publisher\":{\"@id\":\"https:\\\/\\\/www.galerie-messmer.de\\\/fr\\\/#organization\"},\"potentialAction\":[{\"@type\":\"SearchAction\",\"target\":{\"@type\":\"EntryPoint\",\"urlTemplate\":\"https:\\\/\\\/www.galerie-messmer.de\\\/fr\\\/?s={search_term_string}\"},\"query-input\":{\"@type\":\"PropertyValueSpecification\",\"valueRequired\":true,\"valueName\":\"search_term_string\"}}],\"inLanguage\":\"fr-FR\"},{\"@type\":\"Organization\",\"@id\":\"https:\\\/\\\/www.galerie-messmer.de\\\/fr\\\/#organization\",\"name\":\"Galerie Messmer\",\"url\":\"https:\\\/\\\/www.galerie-messmer.de\\\/fr\\\/\",\"logo\":{\"@type\":\"ImageObject\",\"inLanguage\":\"fr-FR\",\"@id\":\"https:\\\/\\\/www.galerie-messmer.de\\\/fr\\\/#\\\/schema\\\/logo\\\/image\\\/\",\"url\":\"https:\\\/\\\/www.galerie-messmer.de\\\/wp-content\\\/uploads\\\/2022\\\/03\\\/cropped-GalerieMessmerLogo.png\",\"contentUrl\":\"https:\\\/\\\/www.galerie-messmer.de\\\/wp-content\\\/uploads\\\/2022\\\/03\\\/cropped-GalerieMessmerLogo.png\",\"width\":2000,\"height\":250,\"caption\":\"Galerie Messmer\"},\"image\":{\"@id\":\"https:\\\/\\\/www.galerie-messmer.de\\\/fr\\\/#\\\/schema\\\/logo\\\/image\\\/\"}},{\"@type\":\"Person\",\"@id\":\"https:\\\/\\\/www.galerie-messmer.de\\\/fr\\\/#\\\/schema\\\/person\\\/e16a7716632ed3aaf680bb16c41bb7d3\",\"name\":\"ErikLachfeld\",\"image\":{\"@type\":\"ImageObject\",\"inLanguage\":\"fr-FR\",\"@id\":\"https:\\\/\\\/secure.gravatar.com\\\/avatar\\\/7cb8fd4f7c13ceda851b4ed47641f0163f4d720ad9eab597d131e2944d37edd6?s=96&d=mm&r=g\",\"url\":\"https:\\\/\\\/secure.gravatar.com\\\/avatar\\\/7cb8fd4f7c13ceda851b4ed47641f0163f4d720ad9eab597d131e2944d37edd6?s=96&d=mm&r=g\",\"contentUrl\":\"https:\\\/\\\/secure.gravatar.com\\\/avatar\\\/7cb8fd4f7c13ceda851b4ed47641f0163f4d720ad9eab597d131e2944d37edd6?s=96&d=mm&r=g\",\"caption\":\"ErikLachfeld\"},\"sameAs\":[\"https:\\\/\\\/www.galerie-messmer.de\"],\"url\":\"https:\\\/\\\/www.galerie-messmer.de\\\/fr\\\/author\\\/eriklachfeld\\\/\"}]}<\/script>\n<!-- \/ Yoast SEO plugin. -->","yoast_head_json":{"title":"Bernd Kirschner - peinture - Galerie Messmer","robots":{"index":"index","follow":"follow","max-snippet":"max-snippet:-1","max-image-preview":"max-image-preview:large","max-video-preview":"max-video-preview:-1"},"canonical":"https:\/\/www.galerie-messmer.de\/fr\/bernd-kirschner-peinture\/","og_locale":"fr_FR","og_type":"article","og_title":"Bernd Kirschner - peinture - Galerie Messmer","og_description":"Bernd Kirschner La peinture voir l&rsquo;exposition Bernd Kirschner Bernd Kirschner est n\u00e9 \u00e0 Memmingen en 1980 et a \u00e9tudi\u00e9 \u00e0 l&rsquo;Acad\u00e9mie nationale des beaux-arts de Stuttgart de 2000 \u00e0 2006. Il vit et travaille \u00e0 Berlin, avec des expositions aux \u00c9tats-Unis et en Asie, entre autres. \u00c0 l&rsquo;automne 2014, il a occup\u00e9 un poste de [&hellip;]","og_url":"https:\/\/www.galerie-messmer.de\/fr\/bernd-kirschner-peinture\/","og_site_name":"Galerie Messmer","article_published_time":"2015-05-11T10:37:00+00:00","article_modified_time":"2022-05-20T12:13:10+00:00","og_image":[{"width":600,"height":401,"url":"https:\/\/www.galerie-messmer.de\/wp-content\/uploads\/2022\/04\/kirschner3.jpg","type":"image\/jpeg"}],"author":"ErikLachfeld","twitter_card":"summary_large_image","twitter_misc":{"\u00c9crit par":"ErikLachfeld","Dur\u00e9e de lecture estim\u00e9e":"1 minute"},"schema":{"@context":"https:\/\/schema.org","@graph":[{"@type":"Article","@id":"https:\/\/www.galerie-messmer.de\/fr\/bernd-kirschner-peinture\/#article","isPartOf":{"@id":"https:\/\/www.galerie-messmer.de\/fr\/bernd-kirschner-peinture\/"},"author":{"name":"ErikLachfeld","@id":"https:\/\/www.galerie-messmer.de\/fr\/#\/schema\/person\/e16a7716632ed3aaf680bb16c41bb7d3"},"headline":"Bernd Kirschner &#8211; peinture","datePublished":"2015-05-11T10:37:00+00:00","dateModified":"2022-05-20T12:13:10+00:00","mainEntityOfPage":{"@id":"https:\/\/www.galerie-messmer.de\/fr\/bernd-kirschner-peinture\/"},"wordCount":144,"commentCount":0,"publisher":{"@id":"https:\/\/www.galerie-messmer.de\/fr\/#organization"},"image":{"@id":"https:\/\/www.galerie-messmer.de\/fr\/bernd-kirschner-peinture\/#primaryimage"},"thumbnailUrl":"https:\/\/www.galerie-messmer.de\/wp-content\/uploads\/2022\/04\/kirschner3.jpg","articleSection":["Ausstellung","exposition"],"inLanguage":"fr-FR"},{"@type":"WebPage","@id":"https:\/\/www.galerie-messmer.de\/fr\/bernd-kirschner-peinture\/","url":"https:\/\/www.galerie-messmer.de\/fr\/bernd-kirschner-peinture\/","name":"Bernd Kirschner - peinture - Galerie Messmer","isPartOf":{"@id":"https:\/\/www.galerie-messmer.de\/fr\/#website"},"primaryImageOfPage":{"@id":"https:\/\/www.galerie-messmer.de\/fr\/bernd-kirschner-peinture\/#primaryimage"},"image":{"@id":"https:\/\/www.galerie-messmer.de\/fr\/bernd-kirschner-peinture\/#primaryimage"},"thumbnailUrl":"https:\/\/www.galerie-messmer.de\/wp-content\/uploads\/2022\/04\/kirschner3.jpg","datePublished":"2015-05-11T10:37:00+00:00","dateModified":"2022-05-20T12:13:10+00:00","breadcrumb":{"@id":"https:\/\/www.galerie-messmer.de\/fr\/bernd-kirschner-peinture\/#breadcrumb"},"inLanguage":"fr-FR","potentialAction":[{"@type":"ReadAction","target":["https:\/\/www.galerie-messmer.de\/fr\/bernd-kirschner-peinture\/"]}]},{"@type":"ImageObject","inLanguage":"fr-FR","@id":"https:\/\/www.galerie-messmer.de\/fr\/bernd-kirschner-peinture\/#primaryimage","url":"https:\/\/www.galerie-messmer.de\/wp-content\/uploads\/2022\/04\/kirschner3.jpg","contentUrl":"https:\/\/www.galerie-messmer.de\/wp-content\/uploads\/2022\/04\/kirschner3.jpg","width":600,"height":401},{"@type":"BreadcrumbList","@id":"https:\/\/www.galerie-messmer.de\/fr\/bernd-kirschner-peinture\/#breadcrumb","itemListElement":[{"@type":"ListItem","position":1,"name":"Startseite","item":"https:\/\/www.galerie-messmer.de\/fr\/domicile\/"},{"@type":"ListItem","position":2,"name":"Bernd Kirschner &#8211; peinture"}]},{"@type":"WebSite","@id":"https:\/\/www.galerie-messmer.de\/fr\/#website","url":"https:\/\/www.galerie-messmer.de\/fr\/","name":"Galerie Messmer","description":"Die Kunstgalerie am Kaiserstuhl","publisher":{"@id":"https:\/\/www.galerie-messmer.de\/fr\/#organization"},"potentialAction":[{"@type":"SearchAction","target":{"@type":"EntryPoint","urlTemplate":"https:\/\/www.galerie-messmer.de\/fr\/?s={search_term_string}"},"query-input":{"@type":"PropertyValueSpecification","valueRequired":true,"valueName":"search_term_string"}}],"inLanguage":"fr-FR"},{"@type":"Organization","@id":"https:\/\/www.galerie-messmer.de\/fr\/#organization","name":"Galerie Messmer","url":"https:\/\/www.galerie-messmer.de\/fr\/","logo":{"@type":"ImageObject","inLanguage":"fr-FR","@id":"https:\/\/www.galerie-messmer.de\/fr\/#\/schema\/logo\/image\/","url":"https:\/\/www.galerie-messmer.de\/wp-content\/uploads\/2022\/03\/cropped-GalerieMessmerLogo.png","contentUrl":"https:\/\/www.galerie-messmer.de\/wp-content\/uploads\/2022\/03\/cropped-GalerieMessmerLogo.png","width":2000,"height":250,"caption":"Galerie Messmer"},"image":{"@id":"https:\/\/www.galerie-messmer.de\/fr\/#\/schema\/logo\/image\/"}},{"@type":"Person","@id":"https:\/\/www.galerie-messmer.de\/fr\/#\/schema\/person\/e16a7716632ed3aaf680bb16c41bb7d3","name":"ErikLachfeld","image":{"@type":"ImageObject","inLanguage":"fr-FR","@id":"https:\/\/secure.gravatar.com\/avatar\/7cb8fd4f7c13ceda851b4ed47641f0163f4d720ad9eab597d131e2944d37edd6?s=96&d=mm&r=g","url":"https:\/\/secure.gravatar.com\/avatar\/7cb8fd4f7c13ceda851b4ed47641f0163f4d720ad9eab597d131e2944d37edd6?s=96&d=mm&r=g","contentUrl":"https:\/\/secure.gravatar.com\/avatar\/7cb8fd4f7c13ceda851b4ed47641f0163f4d720ad9eab597d131e2944d37edd6?s=96&d=mm&r=g","caption":"ErikLachfeld"},"sameAs":["https:\/\/www.galerie-messmer.de"],"url":"https:\/\/www.galerie-messmer.de\/fr\/author\/eriklachfeld\/"}]}},"_links":{"self":[{"href":"https:\/\/www.galerie-messmer.de\/fr\/wp-json\/wp\/v2\/posts\/3152","targetHints":{"allow":["GET"]}}],"collection":[{"href":"https:\/\/www.galerie-messmer.de\/fr\/wp-json\/wp\/v2\/posts"}],"about":[{"href":"https:\/\/www.galerie-messmer.de\/fr\/wp-json\/wp\/v2\/types\/post"}],"author":[{"embeddable":true,"href":"https:\/\/www.galerie-messmer.de\/fr\/wp-json\/wp\/v2\/users\/1"}],"replies":[{"embeddable":true,"href":"https:\/\/www.galerie-messmer.de\/fr\/wp-json\/wp\/v2\/comments?post=3152"}],"version-history":[{"count":4,"href":"https:\/\/www.galerie-messmer.de\/fr\/wp-json\/wp\/v2\/posts\/3152\/revisions"}],"predecessor-version":[{"id":3797,"href":"https:\/\/www.galerie-messmer.de\/fr\/wp-json\/wp\/v2\/posts\/3152\/revisions\/3797"}],"wp:featuredmedia":[{"embeddable":true,"href":"https:\/\/www.galerie-messmer.de\/fr\/wp-json\/wp\/v2\/media\/2780"}],"wp:attachment":[{"href":"https:\/\/www.galerie-messmer.de\/fr\/wp-json\/wp\/v2\/media?parent=3152"}],"wp:term":[{"taxonomy":"category","embeddable":true,"href":"https:\/\/www.galerie-messmer.de\/fr\/wp-json\/wp\/v2\/categories?post=3152"},{"taxonomy":"post_tag","embeddable":true,"href":"https:\/\/www.galerie-messmer.de\/fr\/wp-json\/wp\/v2\/tags?post=3152"}],"curies":[{"name":"wp","href":"https:\/\/api.w.org\/{rel}","templated":true}]}}