{"id":3190,"date":"2015-04-11T12:39:00","date_gmt":"2015-04-11T10:39:00","guid":{"rendered":"https:\/\/www.galerie-messmer.de\/non-classifiee\/max-koehler-peinture\/"},"modified":"2022-05-20T14:13:32","modified_gmt":"2022-05-20T12:13:32","slug":"max-koehler-peinture","status":"publish","type":"post","link":"https:\/\/www.galerie-messmer.de\/fr\/max-koehler-peinture\/","title":{"rendered":"Max Koehler &#8211; peinture"},"content":{"rendered":"\t\t<div data-elementor-type=\"wp-post\" data-elementor-id=\"3190\" class=\"elementor elementor-3190 elementor-1538\" data-elementor-post-type=\"post\">\n\t\t\t\t\t\t<section class=\"elementor-section elementor-top-section elementor-element elementor-element-4624573 elementor-section-full_width elementor-section-height-min-height elementor-section-height-default elementor-section-items-middle\" data-id=\"4624573\" data-element_type=\"section\" data-e-type=\"section\" data-settings=\"{&quot;background_background&quot;:&quot;slideshow&quot;,&quot;background_slideshow_gallery&quot;:[{&quot;id&quot;:1539,&quot;url&quot;:&quot;https:\\\/\\\/www.galerie-messmer.de\\\/wp-content\\\/uploads\\\/2022\\\/04\\\/kohler3.jpg&quot;}],&quot;background_slideshow_ken_burns&quot;:&quot;yes&quot;,&quot;background_slideshow_loop&quot;:&quot;yes&quot;,&quot;background_slideshow_slide_duration&quot;:5000,&quot;background_slideshow_slide_transition&quot;:&quot;fade&quot;,&quot;background_slideshow_transition_duration&quot;:500,&quot;background_slideshow_ken_burns_zoom_direction&quot;:&quot;in&quot;}\">\n\t\t\t\t\t\t\t<div class=\"elementor-background-overlay\"><\/div>\n\t\t\t\t\t\t\t<div class=\"elementor-container elementor-column-gap-no\">\n\t\t\t\t\t<div class=\"elementor-column elementor-col-100 elementor-top-column elementor-element elementor-element-96961bf\" data-id=\"96961bf\" data-element_type=\"column\" data-e-type=\"column\">\n\t\t\t<div class=\"elementor-widget-wrap elementor-element-populated\">\n\t\t\t\t\t\t<div class=\"elementor-element elementor-element-e1f7a78 elementor-invisible elementor-widget elementor-widget-heading\" data-id=\"e1f7a78\" data-element_type=\"widget\" data-e-type=\"widget\" data-settings=\"{&quot;_animation&quot;:&quot;fadeInUp&quot;}\" data-widget_type=\"heading.default\">\n\t\t\t\t<div class=\"elementor-widget-container\">\n\t\t\t\t\t<h1 class=\"elementor-heading-title elementor-size-default\">Max K\u00f6hler<\/h1>\t\t\t\t<\/div>\n\t\t\t\t<\/div>\n\t\t\t\t<div class=\"elementor-element elementor-element-4b78478 elementor-invisible elementor-widget elementor-widget-heading\" data-id=\"4b78478\" data-element_type=\"widget\" data-e-type=\"widget\" data-settings=\"{&quot;_animation&quot;:&quot;fadeInUp&quot;,&quot;_animation_delay&quot;:200}\" data-widget_type=\"heading.default\">\n\t\t\t\t<div class=\"elementor-widget-container\">\n\t\t\t\t\t<h2 class=\"elementor-heading-title elementor-size-default\">La peinture<\/h2>\t\t\t\t<\/div>\n\t\t\t\t<\/div>\n\t\t\t\t<div class=\"elementor-element elementor-element-7c41dad elementor-align-center elementor-invisible elementor-widget elementor-widget-button\" data-id=\"7c41dad\" data-element_type=\"widget\" data-e-type=\"widget\" data-settings=\"{&quot;_animation&quot;:&quot;fadeInUp&quot;,&quot;_animation_delay&quot;:400}\" data-widget_type=\"button.default\">\n\t\t\t\t<div class=\"elementor-widget-container\">\n\t\t\t\t\t\t\t\t\t<div class=\"elementor-button-wrapper\">\n\t\t\t\t\t<a class=\"elementor-button elementor-button-link elementor-size-sm\" href=\"#suivant\">\n\t\t\t\t\t\t<span class=\"elementor-button-content-wrapper\">\n\t\t\t\t\t\t<span class=\"elementor-button-icon\">\n\t\t\t\t<i aria-hidden=\"true\" class=\"fas fa-arrow-down\"><\/i>\t\t\t<\/span>\n\t\t\t\t\t\t\t\t\t<span class=\"elementor-button-text\">voir l'exposition<\/span>\n\t\t\t\t\t<\/span>\n\t\t\t\t\t<\/a>\n\t\t\t\t<\/div>\n\t\t\t\t\t\t\t\t<\/div>\n\t\t\t\t<\/div>\n\t\t\t\t\t<\/div>\n\t\t<\/div>\n\t\t\t\t\t<\/div>\n\t\t<\/section>\n\t\t\t\t<section class=\"elementor-section elementor-top-section elementor-element elementor-element-c2bec91 elementor-section-boxed elementor-section-height-default elementor-section-height-default\" data-id=\"c2bec91\" data-element_type=\"section\" data-e-type=\"section\" id=\"next\">\n\t\t\t\t\t\t<div class=\"elementor-container elementor-column-gap-default\">\n\t\t\t\t\t<div class=\"elementor-column elementor-col-100 elementor-top-column elementor-element elementor-element-8b3574e\" data-id=\"8b3574e\" data-element_type=\"column\" data-e-type=\"column\">\n\t\t\t<div class=\"elementor-widget-wrap elementor-element-populated\">\n\t\t\t\t\t\t<div class=\"elementor-element elementor-element-5fe8942 elementor-widget elementor-widget-heading\" data-id=\"5fe8942\" data-element_type=\"widget\" data-e-type=\"widget\" data-widget_type=\"heading.default\">\n\t\t\t\t<div class=\"elementor-widget-container\">\n\t\t\t\t\t<h2 class=\"elementor-heading-title elementor-size-default\">Max K\u00f6hler<\/h2>\t\t\t\t<\/div>\n\t\t\t\t<\/div>\n\t\t\t\t<section class=\"elementor-section elementor-inner-section elementor-element elementor-element-24d166c elementor-section-boxed elementor-section-height-default elementor-section-height-default\" data-id=\"24d166c\" data-element_type=\"section\" data-e-type=\"section\">\n\t\t\t\t\t\t<div class=\"elementor-container elementor-column-gap-default\">\n\t\t\t\t\t<div class=\"elementor-column elementor-col-33 elementor-inner-column elementor-element elementor-element-a803219\" data-id=\"a803219\" data-element_type=\"column\" data-e-type=\"column\">\n\t\t\t<div class=\"elementor-widget-wrap elementor-element-populated\">\n\t\t\t\t\t\t<div class=\"elementor-element elementor-element-acd27d2 elementor-widget elementor-widget-image\" data-id=\"acd27d2\" data-element_type=\"widget\" data-e-type=\"widget\" data-widget_type=\"image.default\">\n\t\t\t\t<div class=\"elementor-widget-container\">\n\t\t\t\t\t\t\t\t\t\t\t\t\t\t\t\t<a href=\"https:\/\/www.galerie-messmer.de\/wp-content\/uploads\/2022\/04\/kohler3.jpg\" data-elementor-open-lightbox=\"yes\" data-e-action-hash=\"#elementor-action%3Aaction%3Dlightbox%26settings%3DeyJpZCI6Mjc4MiwidXJsIjoiaHR0cHM6XC9cL3d3dy5nYWxlcmllLW1lc3NtZXIuZGVcL3dwLWNvbnRlbnRcL3VwbG9hZHNcLzIwMjJcLzA0XC9rb2hsZXIzLmpwZyJ9\">\n\t\t\t\t\t\t\t<img fetchpriority=\"high\" decoding=\"async\" width=\"697\" height=\"342\" src=\"https:\/\/www.galerie-messmer.de\/wp-content\/uploads\/2022\/04\/kohler3.jpg\" class=\"attachment-large size-large wp-image-2782\" alt=\"\" srcset=\"https:\/\/www.galerie-messmer.de\/wp-content\/uploads\/2022\/04\/kohler3.jpg 697w, https:\/\/www.galerie-messmer.de\/wp-content\/uploads\/2022\/04\/kohler3-300x147.jpg 300w\" sizes=\"(max-width: 697px) 100vw, 697px\" \/>\t\t\t\t\t\t\t\t<\/a>\n\t\t\t\t\t\t\t\t\t\t\t\t\t\t\t<\/div>\n\t\t\t\t<\/div>\n\t\t\t\t\t<\/div>\n\t\t<\/div>\n\t\t\t\t<div class=\"elementor-column elementor-col-66 elementor-inner-column elementor-element elementor-element-9a296e0\" data-id=\"9a296e0\" data-element_type=\"column\" data-e-type=\"column\">\n\t\t\t<div class=\"elementor-widget-wrap elementor-element-populated\">\n\t\t\t\t\t\t<div class=\"elementor-element elementor-element-7e5de55 elementor-widget elementor-widget-text-editor\" data-id=\"7e5de55\" data-element_type=\"widget\" data-e-type=\"widget\" data-widget_type=\"text-editor.default\">\n\t\t\t\t<div class=\"elementor-widget-container\">\n\t\t\t\t\t\t\t\t\t<div class=\"wp-block-media-text__content\"><p>De mani\u00e8re myst\u00e9rieuse, <strong>Max K\u00f6hler<\/strong> , virtuose du coup de pinceau l\u00e2che, sait transf\u00e9rer des motifs typiques de notre r\u00e9gion dans une lumi\u00e8re moderne en quelques coups habiles et une coloration contrast\u00e9e, lumineuse et lumineuse. En particulier, il a acquis une renomm\u00e9e nationale avec son remarquable \u00ab\u00a0Bollenhut-M\u00e4del\u00a0\u00bb de la For\u00eat-Noire. Les larges vues sur le paysage du Rhin sup\u00e9rieur avec ses vastes prairies et champs et les fermes accroupies entre les collines valent \u00e9galement le d\u00e9tour. Ses peintures conservent les \u00e9motions profondes et la familiarit\u00e9 que nous associons au terme \u00ab\u00a0maison\u00a0\u00bb. Une r\u00e9trospective des paysages et des hommes de la For\u00eat Noire, de l&rsquo;Ortenau et de l&rsquo;Alsace est propos\u00e9e.<\/p><p>Max Koehler, n. 1942, vit \u00e0 Schutterwald pr\u00e8s d&rsquo;Offenbourg. Apr\u00e8s un apprentissage de photographe \u00e0 Karlsruhe et Offenburg, il \u00e9tudie la peinture \u00e0 la Free Academy de Mannheim avec le professeur Berger-Bergner dans les ann\u00e9es 1960. Il a eu sa premi\u00e8re exposition en 1965 \u00e0 la galerie Wehner \u00e0 Berlin. Une soixantaine d&rsquo;expositions ont suivi en Allemagne, en France, en Suisse et en Autriche. Plus de 70 de ses peintures grand format sont dans le domaine public.<\/p><\/div>\t\t\t\t\t\t\t\t<\/div>\n\t\t\t\t<\/div>\n\t\t\t\t\t<\/div>\n\t\t<\/div>\n\t\t\t\t\t<\/div>\n\t\t<\/section>\n\t\t\t\t\t<\/div>\n\t\t<\/div>\n\t\t\t\t\t<\/div>\n\t\t<\/section>\n\t\t\t\t<\/div>\n\t\t","protected":false},"excerpt":{"rendered":"<p>23 novembre 2014 \u2013 22 janvier 2015<\/p>\n","protected":false},"author":1,"featured_media":2782,"comment_status":"open","ping_status":"open","sticky":false,"template":"","format":"standard","meta":{"footnotes":""},"categories":[11,215],"tags":[],"class_list":["post-3190","post","type-post","status-publish","format-standard","has-post-thumbnail","hentry","category-ausstellung","category-exposition-fr"],"yoast_head":"<!-- This site is optimized with the Yoast SEO plugin v27.5 - https:\/\/yoast.com\/product\/yoast-seo-wordpress\/ -->\n<title>Max Koehler - peinture - Galerie Messmer<\/title>\n<meta name=\"robots\" content=\"index, follow, max-snippet:-1, max-image-preview:large, max-video-preview:-1\" \/>\n<link rel=\"canonical\" href=\"https:\/\/www.galerie-messmer.de\/fr\/max-koehler-peinture\/\" \/>\n<meta property=\"og:locale\" content=\"fr_FR\" \/>\n<meta property=\"og:type\" content=\"article\" \/>\n<meta property=\"og:title\" content=\"Max Koehler - peinture - Galerie Messmer\" \/>\n<meta property=\"og:description\" content=\"23 novembre 2014 \u2013 22 janvier 2015\" \/>\n<meta property=\"og:url\" content=\"https:\/\/www.galerie-messmer.de\/fr\/max-koehler-peinture\/\" \/>\n<meta property=\"og:site_name\" content=\"Galerie Messmer\" \/>\n<meta property=\"article:published_time\" content=\"2015-04-11T10:39:00+00:00\" \/>\n<meta property=\"article:modified_time\" content=\"2022-05-20T12:13:32+00:00\" \/>\n<meta property=\"og:image\" content=\"https:\/\/www.galerie-messmer.de\/wp-content\/uploads\/2022\/04\/kohler3.jpg\" \/>\n\t<meta property=\"og:image:width\" content=\"697\" \/>\n\t<meta property=\"og:image:height\" content=\"342\" \/>\n\t<meta property=\"og:image:type\" content=\"image\/jpeg\" \/>\n<meta name=\"author\" content=\"ErikLachfeld\" \/>\n<meta name=\"twitter:card\" content=\"summary_large_image\" \/>\n<meta name=\"twitter:label1\" content=\"\u00c9crit par\" \/>\n\t<meta name=\"twitter:data1\" content=\"ErikLachfeld\" \/>\n\t<meta name=\"twitter:label2\" content=\"Dur\u00e9e de lecture estim\u00e9e\" \/>\n\t<meta name=\"twitter:data2\" content=\"1 minute\" \/>\n<script type=\"application\/ld+json\" class=\"yoast-schema-graph\">{\"@context\":\"https:\\\/\\\/schema.org\",\"@graph\":[{\"@type\":\"Article\",\"@id\":\"https:\\\/\\\/www.galerie-messmer.de\\\/fr\\\/max-koehler-peinture\\\/#article\",\"isPartOf\":{\"@id\":\"https:\\\/\\\/www.galerie-messmer.de\\\/fr\\\/max-koehler-peinture\\\/\"},\"author\":{\"name\":\"ErikLachfeld\",\"@id\":\"https:\\\/\\\/www.galerie-messmer.de\\\/fr\\\/#\\\/schema\\\/person\\\/e16a7716632ed3aaf680bb16c41bb7d3\"},\"headline\":\"Max Koehler &#8211; peinture\",\"datePublished\":\"2015-04-11T10:39:00+00:00\",\"dateModified\":\"2022-05-20T12:13:32+00:00\",\"mainEntityOfPage\":{\"@id\":\"https:\\\/\\\/www.galerie-messmer.de\\\/fr\\\/max-koehler-peinture\\\/\"},\"wordCount\":215,\"commentCount\":0,\"publisher\":{\"@id\":\"https:\\\/\\\/www.galerie-messmer.de\\\/fr\\\/#organization\"},\"image\":{\"@id\":\"https:\\\/\\\/www.galerie-messmer.de\\\/fr\\\/max-koehler-peinture\\\/#primaryimage\"},\"thumbnailUrl\":\"https:\\\/\\\/www.galerie-messmer.de\\\/wp-content\\\/uploads\\\/2022\\\/04\\\/kohler3.jpg\",\"articleSection\":[\"Ausstellung\",\"exposition\"],\"inLanguage\":\"fr-FR\"},{\"@type\":\"WebPage\",\"@id\":\"https:\\\/\\\/www.galerie-messmer.de\\\/fr\\\/max-koehler-peinture\\\/\",\"url\":\"https:\\\/\\\/www.galerie-messmer.de\\\/fr\\\/max-koehler-peinture\\\/\",\"name\":\"Max Koehler - peinture - Galerie Messmer\",\"isPartOf\":{\"@id\":\"https:\\\/\\\/www.galerie-messmer.de\\\/fr\\\/#website\"},\"primaryImageOfPage\":{\"@id\":\"https:\\\/\\\/www.galerie-messmer.de\\\/fr\\\/max-koehler-peinture\\\/#primaryimage\"},\"image\":{\"@id\":\"https:\\\/\\\/www.galerie-messmer.de\\\/fr\\\/max-koehler-peinture\\\/#primaryimage\"},\"thumbnailUrl\":\"https:\\\/\\\/www.galerie-messmer.de\\\/wp-content\\\/uploads\\\/2022\\\/04\\\/kohler3.jpg\",\"datePublished\":\"2015-04-11T10:39:00+00:00\",\"dateModified\":\"2022-05-20T12:13:32+00:00\",\"breadcrumb\":{\"@id\":\"https:\\\/\\\/www.galerie-messmer.de\\\/fr\\\/max-koehler-peinture\\\/#breadcrumb\"},\"inLanguage\":\"fr-FR\",\"potentialAction\":[{\"@type\":\"ReadAction\",\"target\":[\"https:\\\/\\\/www.galerie-messmer.de\\\/fr\\\/max-koehler-peinture\\\/\"]}]},{\"@type\":\"ImageObject\",\"inLanguage\":\"fr-FR\",\"@id\":\"https:\\\/\\\/www.galerie-messmer.de\\\/fr\\\/max-koehler-peinture\\\/#primaryimage\",\"url\":\"https:\\\/\\\/www.galerie-messmer.de\\\/wp-content\\\/uploads\\\/2022\\\/04\\\/kohler3.jpg\",\"contentUrl\":\"https:\\\/\\\/www.galerie-messmer.de\\\/wp-content\\\/uploads\\\/2022\\\/04\\\/kohler3.jpg\",\"width\":697,\"height\":342},{\"@type\":\"BreadcrumbList\",\"@id\":\"https:\\\/\\\/www.galerie-messmer.de\\\/fr\\\/max-koehler-peinture\\\/#breadcrumb\",\"itemListElement\":[{\"@type\":\"ListItem\",\"position\":1,\"name\":\"Startseite\",\"item\":\"https:\\\/\\\/www.galerie-messmer.de\\\/fr\\\/domicile\\\/\"},{\"@type\":\"ListItem\",\"position\":2,\"name\":\"Max Koehler &#8211; peinture\"}]},{\"@type\":\"WebSite\",\"@id\":\"https:\\\/\\\/www.galerie-messmer.de\\\/fr\\\/#website\",\"url\":\"https:\\\/\\\/www.galerie-messmer.de\\\/fr\\\/\",\"name\":\"Galerie Messmer\",\"description\":\"Die Kunstgalerie am Kaiserstuhl\",\"publisher\":{\"@id\":\"https:\\\/\\\/www.galerie-messmer.de\\\/fr\\\/#organization\"},\"potentialAction\":[{\"@type\":\"SearchAction\",\"target\":{\"@type\":\"EntryPoint\",\"urlTemplate\":\"https:\\\/\\\/www.galerie-messmer.de\\\/fr\\\/?s={search_term_string}\"},\"query-input\":{\"@type\":\"PropertyValueSpecification\",\"valueRequired\":true,\"valueName\":\"search_term_string\"}}],\"inLanguage\":\"fr-FR\"},{\"@type\":\"Organization\",\"@id\":\"https:\\\/\\\/www.galerie-messmer.de\\\/fr\\\/#organization\",\"name\":\"Galerie Messmer\",\"url\":\"https:\\\/\\\/www.galerie-messmer.de\\\/fr\\\/\",\"logo\":{\"@type\":\"ImageObject\",\"inLanguage\":\"fr-FR\",\"@id\":\"https:\\\/\\\/www.galerie-messmer.de\\\/fr\\\/#\\\/schema\\\/logo\\\/image\\\/\",\"url\":\"https:\\\/\\\/www.galerie-messmer.de\\\/wp-content\\\/uploads\\\/2022\\\/03\\\/cropped-GalerieMessmerLogo.png\",\"contentUrl\":\"https:\\\/\\\/www.galerie-messmer.de\\\/wp-content\\\/uploads\\\/2022\\\/03\\\/cropped-GalerieMessmerLogo.png\",\"width\":2000,\"height\":250,\"caption\":\"Galerie Messmer\"},\"image\":{\"@id\":\"https:\\\/\\\/www.galerie-messmer.de\\\/fr\\\/#\\\/schema\\\/logo\\\/image\\\/\"}},{\"@type\":\"Person\",\"@id\":\"https:\\\/\\\/www.galerie-messmer.de\\\/fr\\\/#\\\/schema\\\/person\\\/e16a7716632ed3aaf680bb16c41bb7d3\",\"name\":\"ErikLachfeld\",\"image\":{\"@type\":\"ImageObject\",\"inLanguage\":\"fr-FR\",\"@id\":\"https:\\\/\\\/secure.gravatar.com\\\/avatar\\\/7cb8fd4f7c13ceda851b4ed47641f0163f4d720ad9eab597d131e2944d37edd6?s=96&d=mm&r=g\",\"url\":\"https:\\\/\\\/secure.gravatar.com\\\/avatar\\\/7cb8fd4f7c13ceda851b4ed47641f0163f4d720ad9eab597d131e2944d37edd6?s=96&d=mm&r=g\",\"contentUrl\":\"https:\\\/\\\/secure.gravatar.com\\\/avatar\\\/7cb8fd4f7c13ceda851b4ed47641f0163f4d720ad9eab597d131e2944d37edd6?s=96&d=mm&r=g\",\"caption\":\"ErikLachfeld\"},\"sameAs\":[\"https:\\\/\\\/www.galerie-messmer.de\"],\"url\":\"https:\\\/\\\/www.galerie-messmer.de\\\/fr\\\/author\\\/eriklachfeld\\\/\"}]}<\/script>\n<!-- \/ Yoast SEO plugin. -->","yoast_head_json":{"title":"Max Koehler - peinture - Galerie Messmer","robots":{"index":"index","follow":"follow","max-snippet":"max-snippet:-1","max-image-preview":"max-image-preview:large","max-video-preview":"max-video-preview:-1"},"canonical":"https:\/\/www.galerie-messmer.de\/fr\/max-koehler-peinture\/","og_locale":"fr_FR","og_type":"article","og_title":"Max Koehler - peinture - Galerie Messmer","og_description":"23 novembre 2014 \u2013 22 janvier 2015","og_url":"https:\/\/www.galerie-messmer.de\/fr\/max-koehler-peinture\/","og_site_name":"Galerie Messmer","article_published_time":"2015-04-11T10:39:00+00:00","article_modified_time":"2022-05-20T12:13:32+00:00","og_image":[{"width":697,"height":342,"url":"https:\/\/www.galerie-messmer.de\/wp-content\/uploads\/2022\/04\/kohler3.jpg","type":"image\/jpeg"}],"author":"ErikLachfeld","twitter_card":"summary_large_image","twitter_misc":{"\u00c9crit par":"ErikLachfeld","Dur\u00e9e de lecture estim\u00e9e":"1 minute"},"schema":{"@context":"https:\/\/schema.org","@graph":[{"@type":"Article","@id":"https:\/\/www.galerie-messmer.de\/fr\/max-koehler-peinture\/#article","isPartOf":{"@id":"https:\/\/www.galerie-messmer.de\/fr\/max-koehler-peinture\/"},"author":{"name":"ErikLachfeld","@id":"https:\/\/www.galerie-messmer.de\/fr\/#\/schema\/person\/e16a7716632ed3aaf680bb16c41bb7d3"},"headline":"Max Koehler &#8211; peinture","datePublished":"2015-04-11T10:39:00+00:00","dateModified":"2022-05-20T12:13:32+00:00","mainEntityOfPage":{"@id":"https:\/\/www.galerie-messmer.de\/fr\/max-koehler-peinture\/"},"wordCount":215,"commentCount":0,"publisher":{"@id":"https:\/\/www.galerie-messmer.de\/fr\/#organization"},"image":{"@id":"https:\/\/www.galerie-messmer.de\/fr\/max-koehler-peinture\/#primaryimage"},"thumbnailUrl":"https:\/\/www.galerie-messmer.de\/wp-content\/uploads\/2022\/04\/kohler3.jpg","articleSection":["Ausstellung","exposition"],"inLanguage":"fr-FR"},{"@type":"WebPage","@id":"https:\/\/www.galerie-messmer.de\/fr\/max-koehler-peinture\/","url":"https:\/\/www.galerie-messmer.de\/fr\/max-koehler-peinture\/","name":"Max Koehler - peinture - Galerie Messmer","isPartOf":{"@id":"https:\/\/www.galerie-messmer.de\/fr\/#website"},"primaryImageOfPage":{"@id":"https:\/\/www.galerie-messmer.de\/fr\/max-koehler-peinture\/#primaryimage"},"image":{"@id":"https:\/\/www.galerie-messmer.de\/fr\/max-koehler-peinture\/#primaryimage"},"thumbnailUrl":"https:\/\/www.galerie-messmer.de\/wp-content\/uploads\/2022\/04\/kohler3.jpg","datePublished":"2015-04-11T10:39:00+00:00","dateModified":"2022-05-20T12:13:32+00:00","breadcrumb":{"@id":"https:\/\/www.galerie-messmer.de\/fr\/max-koehler-peinture\/#breadcrumb"},"inLanguage":"fr-FR","potentialAction":[{"@type":"ReadAction","target":["https:\/\/www.galerie-messmer.de\/fr\/max-koehler-peinture\/"]}]},{"@type":"ImageObject","inLanguage":"fr-FR","@id":"https:\/\/www.galerie-messmer.de\/fr\/max-koehler-peinture\/#primaryimage","url":"https:\/\/www.galerie-messmer.de\/wp-content\/uploads\/2022\/04\/kohler3.jpg","contentUrl":"https:\/\/www.galerie-messmer.de\/wp-content\/uploads\/2022\/04\/kohler3.jpg","width":697,"height":342},{"@type":"BreadcrumbList","@id":"https:\/\/www.galerie-messmer.de\/fr\/max-koehler-peinture\/#breadcrumb","itemListElement":[{"@type":"ListItem","position":1,"name":"Startseite","item":"https:\/\/www.galerie-messmer.de\/fr\/domicile\/"},{"@type":"ListItem","position":2,"name":"Max Koehler &#8211; peinture"}]},{"@type":"WebSite","@id":"https:\/\/www.galerie-messmer.de\/fr\/#website","url":"https:\/\/www.galerie-messmer.de\/fr\/","name":"Galerie Messmer","description":"Die Kunstgalerie am Kaiserstuhl","publisher":{"@id":"https:\/\/www.galerie-messmer.de\/fr\/#organization"},"potentialAction":[{"@type":"SearchAction","target":{"@type":"EntryPoint","urlTemplate":"https:\/\/www.galerie-messmer.de\/fr\/?s={search_term_string}"},"query-input":{"@type":"PropertyValueSpecification","valueRequired":true,"valueName":"search_term_string"}}],"inLanguage":"fr-FR"},{"@type":"Organization","@id":"https:\/\/www.galerie-messmer.de\/fr\/#organization","name":"Galerie Messmer","url":"https:\/\/www.galerie-messmer.de\/fr\/","logo":{"@type":"ImageObject","inLanguage":"fr-FR","@id":"https:\/\/www.galerie-messmer.de\/fr\/#\/schema\/logo\/image\/","url":"https:\/\/www.galerie-messmer.de\/wp-content\/uploads\/2022\/03\/cropped-GalerieMessmerLogo.png","contentUrl":"https:\/\/www.galerie-messmer.de\/wp-content\/uploads\/2022\/03\/cropped-GalerieMessmerLogo.png","width":2000,"height":250,"caption":"Galerie Messmer"},"image":{"@id":"https:\/\/www.galerie-messmer.de\/fr\/#\/schema\/logo\/image\/"}},{"@type":"Person","@id":"https:\/\/www.galerie-messmer.de\/fr\/#\/schema\/person\/e16a7716632ed3aaf680bb16c41bb7d3","name":"ErikLachfeld","image":{"@type":"ImageObject","inLanguage":"fr-FR","@id":"https:\/\/secure.gravatar.com\/avatar\/7cb8fd4f7c13ceda851b4ed47641f0163f4d720ad9eab597d131e2944d37edd6?s=96&d=mm&r=g","url":"https:\/\/secure.gravatar.com\/avatar\/7cb8fd4f7c13ceda851b4ed47641f0163f4d720ad9eab597d131e2944d37edd6?s=96&d=mm&r=g","contentUrl":"https:\/\/secure.gravatar.com\/avatar\/7cb8fd4f7c13ceda851b4ed47641f0163f4d720ad9eab597d131e2944d37edd6?s=96&d=mm&r=g","caption":"ErikLachfeld"},"sameAs":["https:\/\/www.galerie-messmer.de"],"url":"https:\/\/www.galerie-messmer.de\/fr\/author\/eriklachfeld\/"}]}},"_links":{"self":[{"href":"https:\/\/www.galerie-messmer.de\/fr\/wp-json\/wp\/v2\/posts\/3190","targetHints":{"allow":["GET"]}}],"collection":[{"href":"https:\/\/www.galerie-messmer.de\/fr\/wp-json\/wp\/v2\/posts"}],"about":[{"href":"https:\/\/www.galerie-messmer.de\/fr\/wp-json\/wp\/v2\/types\/post"}],"author":[{"embeddable":true,"href":"https:\/\/www.galerie-messmer.de\/fr\/wp-json\/wp\/v2\/users\/1"}],"replies":[{"embeddable":true,"href":"https:\/\/www.galerie-messmer.de\/fr\/wp-json\/wp\/v2\/comments?post=3190"}],"version-history":[{"count":3,"href":"https:\/\/www.galerie-messmer.de\/fr\/wp-json\/wp\/v2\/posts\/3190\/revisions"}],"predecessor-version":[{"id":3802,"href":"https:\/\/www.galerie-messmer.de\/fr\/wp-json\/wp\/v2\/posts\/3190\/revisions\/3802"}],"wp:featuredmedia":[{"embeddable":true,"href":"https:\/\/www.galerie-messmer.de\/fr\/wp-json\/wp\/v2\/media\/2782"}],"wp:attachment":[{"href":"https:\/\/www.galerie-messmer.de\/fr\/wp-json\/wp\/v2\/media?parent=3190"}],"wp:term":[{"taxonomy":"category","embeddable":true,"href":"https:\/\/www.galerie-messmer.de\/fr\/wp-json\/wp\/v2\/categories?post=3190"},{"taxonomy":"post_tag","embeddable":true,"href":"https:\/\/www.galerie-messmer.de\/fr\/wp-json\/wp\/v2\/tags?post=3190"}],"curies":[{"name":"wp","href":"https:\/\/api.w.org\/{rel}","templated":true}]}}