{"id":6607,"date":"2024-01-31T12:37:45","date_gmt":"2024-01-31T11:37:45","guid":{"rendered":"https:\/\/www.galerie-messmer.de\/friedrich-geiler-paysages-constructifs\/"},"modified":"2025-07-20T18:18:48","modified_gmt":"2025-07-20T16:18:48","slug":"friedrich-geiler-paysages-constructifs","status":"publish","type":"post","link":"https:\/\/www.galerie-messmer.de\/fr\/friedrich-geiler-paysages-constructifs\/","title":{"rendered":"Friedrich Geiler &#8211; Paysages constructifs"},"content":{"rendered":"\t\t<div data-elementor-type=\"wp-post\" data-elementor-id=\"6607\" class=\"elementor elementor-6607 elementor-6604\" data-elementor-post-type=\"post\">\n\t\t\t\t\t\t<section class=\"elementor-section elementor-top-section elementor-element elementor-element-c0d9c8c elementor-section-full_width elementor-section-height-min-height elementor-section-height-default elementor-section-items-middle\" data-id=\"c0d9c8c\" data-element_type=\"section\" data-e-type=\"section\" data-settings=\"{&quot;background_background&quot;:&quot;classic&quot;}\">\n\t\t\t\t\t\t\t<div class=\"elementor-background-overlay\"><\/div>\n\t\t\t\t\t\t\t<div class=\"elementor-container elementor-column-gap-no\">\n\t\t\t\t\t<div class=\"elementor-column elementor-col-100 elementor-top-column elementor-element elementor-element-5d6b492\" data-id=\"5d6b492\" data-element_type=\"column\" data-e-type=\"column\">\n\t\t\t<div class=\"elementor-widget-wrap elementor-element-populated\">\n\t\t\t\t\t\t<div class=\"elementor-element elementor-element-906cec1 elementor-invisible elementor-widget elementor-widget-heading\" data-id=\"906cec1\" data-element_type=\"widget\" data-e-type=\"widget\" data-settings=\"{&quot;_animation&quot;:&quot;fadeInUp&quot;}\" data-widget_type=\"heading.default\">\n\t\t\t\t<div class=\"elementor-widget-container\">\n\t\t\t\t\t<h1 class=\"elementor-heading-title elementor-size-default\">Friedrich Geiler<br> Paysages constructifs<\/h1>\t\t\t\t<\/div>\n\t\t\t\t<\/div>\n\t\t\t\t<div class=\"elementor-element elementor-element-5602093 elementor-invisible elementor-widget elementor-widget-heading\" data-id=\"5602093\" data-element_type=\"widget\" data-e-type=\"widget\" data-settings=\"{&quot;_animation&quot;:&quot;fadeInUp&quot;,&quot;_animation_delay&quot;:200}\" data-widget_type=\"heading.default\">\n\t\t\t\t<div class=\"elementor-widget-container\">\n\t\t\t\t\t<h2 class=\"elementor-heading-title elementor-size-default\">13.08.2023 - 10.09.2023<\/h2>\t\t\t\t<\/div>\n\t\t\t\t<\/div>\n\t\t\t\t<div class=\"elementor-element elementor-element-70e52d6 elementor-align-center elementor-invisible elementor-widget elementor-widget-button\" data-id=\"70e52d6\" data-element_type=\"widget\" data-e-type=\"widget\" data-settings=\"{&quot;_animation&quot;:&quot;fadeInUp&quot;,&quot;_animation_delay&quot;:400}\" data-widget_type=\"button.default\">\n\t\t\t\t<div class=\"elementor-widget-container\">\n\t\t\t\t\t\t\t\t\t<div class=\"elementor-button-wrapper\">\n\t\t\t\t\t<a class=\"elementor-button elementor-button-link elementor-size-sm\" href=\"#next\">\n\t\t\t\t\t\t<span class=\"elementor-button-content-wrapper\">\n\t\t\t\t\t\t<span class=\"elementor-button-icon\">\n\t\t\t\t<i aria-hidden=\"true\" class=\"fas fa-arrow-down\"><\/i>\t\t\t<\/span>\n\t\t\t\t\t\t\t\t\t<span class=\"elementor-button-text\">voir l'exposition<\/span>\n\t\t\t\t\t<\/span>\n\t\t\t\t\t<\/a>\n\t\t\t\t<\/div>\n\t\t\t\t\t\t\t\t<\/div>\n\t\t\t\t<\/div>\n\t\t\t\t\t<\/div>\n\t\t<\/div>\n\t\t\t\t\t<\/div>\n\t\t<\/section>\n\t\t\t\t<section class=\"elementor-section elementor-top-section elementor-element elementor-element-9d8f54b elementor-section-boxed elementor-section-height-default elementor-section-height-default\" data-id=\"9d8f54b\" data-element_type=\"section\" data-e-type=\"section\" id=\"next\">\n\t\t\t\t\t\t<div class=\"elementor-container elementor-column-gap-default\">\n\t\t\t\t\t<div class=\"elementor-column elementor-col-100 elementor-top-column elementor-element elementor-element-d3fd492\" data-id=\"d3fd492\" data-element_type=\"column\" data-e-type=\"column\">\n\t\t\t<div class=\"elementor-widget-wrap elementor-element-populated\">\n\t\t\t\t\t\t<div class=\"elementor-element elementor-element-163cc0b elementor-widget elementor-widget-text-editor\" data-id=\"163cc0b\" data-element_type=\"widget\" data-e-type=\"widget\" data-widget_type=\"text-editor.default\">\n\t\t\t\t<div class=\"elementor-widget-container\">\n\t\t\t\t\t\t\t\t\t<p>N\u00e9 en 1946 \u00e0 B\u00fchl, dans le Bade, il vit et travaille aujourd&rsquo;hui \u00e0 Kehl.<br>Depuis ses succ\u00e8s internationaux dans les ann\u00e9es 1970, Geiler est l&rsquo;un des principaux artistes constructifs concrets.<br>Ses \u0153uvres ont \u00e9t\u00e9 pr\u00e9sent\u00e9es dans plus de 100 expositions \u00e0 ce jour,<br>notamment \u00e0 Amsterdam, B\u00e2le, Berlin, Gen\u00e8ve, Hong Kong, Miami, New York, Paris et Zurich.<\/p><p><strong>Un regard pour l&rsquo;essentiel<\/strong><br>A partir de la mi-ao\u00fbt, l&rsquo;artiste de Kehl exposera ses \u0153uvres concr\u00e8tes et constructives chez nous.<br>Avec des formes et des couleurs r\u00e9duites, Geiler met en \u00e9vidence le caract\u00e8re minimaliste du paysage.<br>Diff\u00e9rents mat\u00e9riaux donnent \u00e0 ses constructions une profondeur \u00e0 plusieurs niveaux et donc un niveau d&rsquo;effet complexe de l&rsquo;art concret.<br>Le cercle joue un r\u00f4le particuli\u00e8rement important pour Geiler. Il symbolise ce qui est terrestre, le globe terrestre et donc la base de tout paysage.<br>Les peintures et reliefs de l&rsquo;artiste incitent \u00e0 r\u00e9fl\u00e9chir \u00e0 sa propre perception du paysage<br>et \u00e0 changer de perspective. <br>Voyez par vous-m\u00eame ! <\/p>\t\t\t\t\t\t\t\t<\/div>\n\t\t\t\t<\/div>\n\t\t\t\t<div class=\"elementor-element elementor-element-4e99b31 elementor-widget elementor-widget-image\" data-id=\"4e99b31\" data-element_type=\"widget\" data-e-type=\"widget\" data-widget_type=\"image.default\">\n\t\t\t\t<div class=\"elementor-widget-container\">\n\t\t\t\t\t\t\t\t\t\t\t\t<figure class=\"wp-caption\">\n\t\t\t\t\t\t\t\t\t\t\t<a href=\"https:\/\/www.galerie-messmer.de\/wp-content\/uploads\/2023\/08\/Amazonas_Geiler-scaled.jpg\" data-elementor-open-lightbox=\"yes\" data-e-action-hash=\"#elementor-action%3Aaction%3Dlightbox%26settings%3DeyJpZCI6NjAyOSwidXJsIjoiaHR0cHM6XC9cL3d3dy5nYWxlcmllLW1lc3NtZXIuZGVcL3dwLWNvbnRlbnRcL3VwbG9hZHNcLzIwMjNcLzA4XC9BbWF6b25hc19HZWlsZXItc2NhbGVkLmpwZyJ9\">\n\t\t\t\t\t\t\t<img fetchpriority=\"high\" decoding=\"async\" width=\"768\" height=\"767\" src=\"https:\/\/www.galerie-messmer.de\/wp-content\/uploads\/2023\/08\/Amazonas_Geiler-768x767.jpg\" class=\"attachment-medium_large size-medium_large wp-image-6029\" alt=\"\" srcset=\"https:\/\/www.galerie-messmer.de\/wp-content\/uploads\/2023\/08\/Amazonas_Geiler-768x767.jpg 768w, https:\/\/www.galerie-messmer.de\/wp-content\/uploads\/2023\/08\/Amazonas_Geiler-300x300.jpg 300w, https:\/\/www.galerie-messmer.de\/wp-content\/uploads\/2023\/08\/Amazonas_Geiler-1024x1022.jpg 1024w, https:\/\/www.galerie-messmer.de\/wp-content\/uploads\/2023\/08\/Amazonas_Geiler-150x150.jpg 150w, https:\/\/www.galerie-messmer.de\/wp-content\/uploads\/2023\/08\/Amazonas_Geiler-1536x1533.jpg 1536w, https:\/\/www.galerie-messmer.de\/wp-content\/uploads\/2023\/08\/Amazonas_Geiler-2048x2044.jpg 2048w, https:\/\/www.galerie-messmer.de\/wp-content\/uploads\/2023\/08\/Amazonas_Geiler-scaled.jpg 1082w\" sizes=\"(max-width: 768px) 100vw, 768px\" \/>\t\t\t\t\t\t\t\t<\/a>\n\t\t\t\t\t\t\t\t\t\t\t<figcaption class=\"widget-image-caption wp-caption-text\"><\/figcaption>\n\t\t\t\t\t\t\t\t\t\t<\/figure>\n\t\t\t\t\t\t\t\t\t<\/div>\n\t\t\t\t<\/div>\n\t\t\t\t\t<\/div>\n\t\t<\/div>\n\t\t\t\t\t<\/div>\n\t\t<\/section>\n\t\t\t\t<\/div>\n\t\t","protected":false},"excerpt":{"rendered":"<p>13 ao\u00fbt 2023 &#8211; 10 septembre 2023<\/p>\n","protected":false},"author":1,"featured_media":5964,"comment_status":"closed","ping_status":"closed","sticky":false,"template":"","format":"standard","meta":{"footnotes":""},"categories":[215],"tags":[],"class_list":["post-6607","post","type-post","status-publish","format-standard","has-post-thumbnail","hentry","category-exposition-fr"],"yoast_head":"<!-- This site is optimized with the Yoast SEO plugin v27.5 - https:\/\/yoast.com\/product\/yoast-seo-wordpress\/ -->\n<title>Friedrich Geiler - Paysages constructifs - Galerie Messmer<\/title>\n<meta name=\"robots\" content=\"index, follow, max-snippet:-1, max-image-preview:large, max-video-preview:-1\" \/>\n<link rel=\"canonical\" href=\"https:\/\/www.galerie-messmer.de\/fr\/friedrich-geiler-paysages-constructifs\/\" \/>\n<meta property=\"og:locale\" content=\"fr_FR\" \/>\n<meta property=\"og:type\" content=\"article\" \/>\n<meta property=\"og:title\" content=\"Friedrich Geiler - Paysages constructifs - Galerie Messmer\" \/>\n<meta property=\"og:description\" content=\"13 ao\u00fbt 2023 - 10 septembre 2023\" \/>\n<meta property=\"og:url\" content=\"https:\/\/www.galerie-messmer.de\/fr\/friedrich-geiler-paysages-constructifs\/\" \/>\n<meta property=\"og:site_name\" content=\"Galerie Messmer\" \/>\n<meta property=\"article:published_time\" content=\"2024-01-31T11:37:45+00:00\" \/>\n<meta property=\"article:modified_time\" content=\"2025-07-20T16:18:48+00:00\" \/>\n<meta property=\"og:image\" content=\"https:\/\/www.galerie-messmer.de\/wp-content\/uploads\/2023\/08\/Original-Relief-2020-scaled.jpg\" \/>\n\t<meta property=\"og:image:width\" content=\"1080\" \/>\n\t<meta property=\"og:image:height\" content=\"1080\" \/>\n\t<meta property=\"og:image:type\" content=\"image\/jpeg\" \/>\n<meta name=\"author\" content=\"ErikLachfeld\" \/>\n<meta name=\"twitter:card\" content=\"summary_large_image\" \/>\n<meta name=\"twitter:label1\" content=\"\u00c9crit par\" \/>\n\t<meta name=\"twitter:data1\" content=\"ErikLachfeld\" \/>\n\t<meta name=\"twitter:label2\" content=\"Dur\u00e9e de lecture estim\u00e9e\" \/>\n\t<meta name=\"twitter:data2\" content=\"1 minute\" \/>\n<script type=\"application\/ld+json\" class=\"yoast-schema-graph\">{\"@context\":\"https:\\\/\\\/schema.org\",\"@graph\":[{\"@type\":\"Article\",\"@id\":\"https:\\\/\\\/www.galerie-messmer.de\\\/fr\\\/friedrich-geiler-paysages-constructifs\\\/#article\",\"isPartOf\":{\"@id\":\"https:\\\/\\\/www.galerie-messmer.de\\\/fr\\\/friedrich-geiler-paysages-constructifs\\\/\"},\"author\":{\"name\":\"ErikLachfeld\",\"@id\":\"https:\\\/\\\/www.galerie-messmer.de\\\/fr\\\/#\\\/schema\\\/person\\\/e16a7716632ed3aaf680bb16c41bb7d3\"},\"headline\":\"Friedrich Geiler &#8211; Paysages constructifs\",\"datePublished\":\"2024-01-31T11:37:45+00:00\",\"dateModified\":\"2025-07-20T16:18:48+00:00\",\"mainEntityOfPage\":{\"@id\":\"https:\\\/\\\/www.galerie-messmer.de\\\/fr\\\/friedrich-geiler-paysages-constructifs\\\/\"},\"wordCount\":187,\"publisher\":{\"@id\":\"https:\\\/\\\/www.galerie-messmer.de\\\/fr\\\/#organization\"},\"image\":{\"@id\":\"https:\\\/\\\/www.galerie-messmer.de\\\/fr\\\/friedrich-geiler-paysages-constructifs\\\/#primaryimage\"},\"thumbnailUrl\":\"https:\\\/\\\/www.galerie-messmer.de\\\/wp-content\\\/uploads\\\/2023\\\/08\\\/Original-Relief-2020-scaled.jpg\",\"articleSection\":[\"exposition\"],\"inLanguage\":\"fr-FR\"},{\"@type\":\"WebPage\",\"@id\":\"https:\\\/\\\/www.galerie-messmer.de\\\/fr\\\/friedrich-geiler-paysages-constructifs\\\/\",\"url\":\"https:\\\/\\\/www.galerie-messmer.de\\\/fr\\\/friedrich-geiler-paysages-constructifs\\\/\",\"name\":\"Friedrich Geiler - Paysages constructifs - Galerie Messmer\",\"isPartOf\":{\"@id\":\"https:\\\/\\\/www.galerie-messmer.de\\\/fr\\\/#website\"},\"primaryImageOfPage\":{\"@id\":\"https:\\\/\\\/www.galerie-messmer.de\\\/fr\\\/friedrich-geiler-paysages-constructifs\\\/#primaryimage\"},\"image\":{\"@id\":\"https:\\\/\\\/www.galerie-messmer.de\\\/fr\\\/friedrich-geiler-paysages-constructifs\\\/#primaryimage\"},\"thumbnailUrl\":\"https:\\\/\\\/www.galerie-messmer.de\\\/wp-content\\\/uploads\\\/2023\\\/08\\\/Original-Relief-2020-scaled.jpg\",\"datePublished\":\"2024-01-31T11:37:45+00:00\",\"dateModified\":\"2025-07-20T16:18:48+00:00\",\"breadcrumb\":{\"@id\":\"https:\\\/\\\/www.galerie-messmer.de\\\/fr\\\/friedrich-geiler-paysages-constructifs\\\/#breadcrumb\"},\"inLanguage\":\"fr-FR\",\"potentialAction\":[{\"@type\":\"ReadAction\",\"target\":[\"https:\\\/\\\/www.galerie-messmer.de\\\/fr\\\/friedrich-geiler-paysages-constructifs\\\/\"]}]},{\"@type\":\"ImageObject\",\"inLanguage\":\"fr-FR\",\"@id\":\"https:\\\/\\\/www.galerie-messmer.de\\\/fr\\\/friedrich-geiler-paysages-constructifs\\\/#primaryimage\",\"url\":\"https:\\\/\\\/www.galerie-messmer.de\\\/wp-content\\\/uploads\\\/2023\\\/08\\\/Original-Relief-2020-scaled.jpg\",\"contentUrl\":\"https:\\\/\\\/www.galerie-messmer.de\\\/wp-content\\\/uploads\\\/2023\\\/08\\\/Original-Relief-2020-scaled.jpg\",\"width\":1080,\"height\":1080},{\"@type\":\"BreadcrumbList\",\"@id\":\"https:\\\/\\\/www.galerie-messmer.de\\\/fr\\\/friedrich-geiler-paysages-constructifs\\\/#breadcrumb\",\"itemListElement\":[{\"@type\":\"ListItem\",\"position\":1,\"name\":\"Startseite\",\"item\":\"https:\\\/\\\/www.galerie-messmer.de\\\/fr\\\/domicile\\\/\"},{\"@type\":\"ListItem\",\"position\":2,\"name\":\"Friedrich Geiler &#8211; Paysages constructifs\"}]},{\"@type\":\"WebSite\",\"@id\":\"https:\\\/\\\/www.galerie-messmer.de\\\/fr\\\/#website\",\"url\":\"https:\\\/\\\/www.galerie-messmer.de\\\/fr\\\/\",\"name\":\"Galerie Messmer\",\"description\":\"Die Kunstgalerie am Kaiserstuhl\",\"publisher\":{\"@id\":\"https:\\\/\\\/www.galerie-messmer.de\\\/fr\\\/#organization\"},\"potentialAction\":[{\"@type\":\"SearchAction\",\"target\":{\"@type\":\"EntryPoint\",\"urlTemplate\":\"https:\\\/\\\/www.galerie-messmer.de\\\/fr\\\/?s={search_term_string}\"},\"query-input\":{\"@type\":\"PropertyValueSpecification\",\"valueRequired\":true,\"valueName\":\"search_term_string\"}}],\"inLanguage\":\"fr-FR\"},{\"@type\":\"Organization\",\"@id\":\"https:\\\/\\\/www.galerie-messmer.de\\\/fr\\\/#organization\",\"name\":\"Galerie Messmer\",\"url\":\"https:\\\/\\\/www.galerie-messmer.de\\\/fr\\\/\",\"logo\":{\"@type\":\"ImageObject\",\"inLanguage\":\"fr-FR\",\"@id\":\"https:\\\/\\\/www.galerie-messmer.de\\\/fr\\\/#\\\/schema\\\/logo\\\/image\\\/\",\"url\":\"https:\\\/\\\/www.galerie-messmer.de\\\/wp-content\\\/uploads\\\/2022\\\/03\\\/cropped-GalerieMessmerLogo.png\",\"contentUrl\":\"https:\\\/\\\/www.galerie-messmer.de\\\/wp-content\\\/uploads\\\/2022\\\/03\\\/cropped-GalerieMessmerLogo.png\",\"width\":2000,\"height\":250,\"caption\":\"Galerie Messmer\"},\"image\":{\"@id\":\"https:\\\/\\\/www.galerie-messmer.de\\\/fr\\\/#\\\/schema\\\/logo\\\/image\\\/\"}},{\"@type\":\"Person\",\"@id\":\"https:\\\/\\\/www.galerie-messmer.de\\\/fr\\\/#\\\/schema\\\/person\\\/e16a7716632ed3aaf680bb16c41bb7d3\",\"name\":\"ErikLachfeld\",\"image\":{\"@type\":\"ImageObject\",\"inLanguage\":\"fr-FR\",\"@id\":\"https:\\\/\\\/secure.gravatar.com\\\/avatar\\\/7cb8fd4f7c13ceda851b4ed47641f0163f4d720ad9eab597d131e2944d37edd6?s=96&d=mm&r=g\",\"url\":\"https:\\\/\\\/secure.gravatar.com\\\/avatar\\\/7cb8fd4f7c13ceda851b4ed47641f0163f4d720ad9eab597d131e2944d37edd6?s=96&d=mm&r=g\",\"contentUrl\":\"https:\\\/\\\/secure.gravatar.com\\\/avatar\\\/7cb8fd4f7c13ceda851b4ed47641f0163f4d720ad9eab597d131e2944d37edd6?s=96&d=mm&r=g\",\"caption\":\"ErikLachfeld\"},\"sameAs\":[\"https:\\\/\\\/www.galerie-messmer.de\"],\"url\":\"https:\\\/\\\/www.galerie-messmer.de\\\/fr\\\/author\\\/eriklachfeld\\\/\"}]}<\/script>\n<!-- \/ Yoast SEO plugin. -->","yoast_head_json":{"title":"Friedrich Geiler - Paysages constructifs - Galerie Messmer","robots":{"index":"index","follow":"follow","max-snippet":"max-snippet:-1","max-image-preview":"max-image-preview:large","max-video-preview":"max-video-preview:-1"},"canonical":"https:\/\/www.galerie-messmer.de\/fr\/friedrich-geiler-paysages-constructifs\/","og_locale":"fr_FR","og_type":"article","og_title":"Friedrich Geiler - Paysages constructifs - Galerie Messmer","og_description":"13 ao\u00fbt 2023 - 10 septembre 2023","og_url":"https:\/\/www.galerie-messmer.de\/fr\/friedrich-geiler-paysages-constructifs\/","og_site_name":"Galerie Messmer","article_published_time":"2024-01-31T11:37:45+00:00","article_modified_time":"2025-07-20T16:18:48+00:00","og_image":[{"width":1080,"height":1080,"url":"https:\/\/www.galerie-messmer.de\/wp-content\/uploads\/2023\/08\/Original-Relief-2020-scaled.jpg","type":"image\/jpeg"}],"author":"ErikLachfeld","twitter_card":"summary_large_image","twitter_misc":{"\u00c9crit par":"ErikLachfeld","Dur\u00e9e de lecture estim\u00e9e":"1 minute"},"schema":{"@context":"https:\/\/schema.org","@graph":[{"@type":"Article","@id":"https:\/\/www.galerie-messmer.de\/fr\/friedrich-geiler-paysages-constructifs\/#article","isPartOf":{"@id":"https:\/\/www.galerie-messmer.de\/fr\/friedrich-geiler-paysages-constructifs\/"},"author":{"name":"ErikLachfeld","@id":"https:\/\/www.galerie-messmer.de\/fr\/#\/schema\/person\/e16a7716632ed3aaf680bb16c41bb7d3"},"headline":"Friedrich Geiler &#8211; Paysages constructifs","datePublished":"2024-01-31T11:37:45+00:00","dateModified":"2025-07-20T16:18:48+00:00","mainEntityOfPage":{"@id":"https:\/\/www.galerie-messmer.de\/fr\/friedrich-geiler-paysages-constructifs\/"},"wordCount":187,"publisher":{"@id":"https:\/\/www.galerie-messmer.de\/fr\/#organization"},"image":{"@id":"https:\/\/www.galerie-messmer.de\/fr\/friedrich-geiler-paysages-constructifs\/#primaryimage"},"thumbnailUrl":"https:\/\/www.galerie-messmer.de\/wp-content\/uploads\/2023\/08\/Original-Relief-2020-scaled.jpg","articleSection":["exposition"],"inLanguage":"fr-FR"},{"@type":"WebPage","@id":"https:\/\/www.galerie-messmer.de\/fr\/friedrich-geiler-paysages-constructifs\/","url":"https:\/\/www.galerie-messmer.de\/fr\/friedrich-geiler-paysages-constructifs\/","name":"Friedrich Geiler - Paysages constructifs - Galerie Messmer","isPartOf":{"@id":"https:\/\/www.galerie-messmer.de\/fr\/#website"},"primaryImageOfPage":{"@id":"https:\/\/www.galerie-messmer.de\/fr\/friedrich-geiler-paysages-constructifs\/#primaryimage"},"image":{"@id":"https:\/\/www.galerie-messmer.de\/fr\/friedrich-geiler-paysages-constructifs\/#primaryimage"},"thumbnailUrl":"https:\/\/www.galerie-messmer.de\/wp-content\/uploads\/2023\/08\/Original-Relief-2020-scaled.jpg","datePublished":"2024-01-31T11:37:45+00:00","dateModified":"2025-07-20T16:18:48+00:00","breadcrumb":{"@id":"https:\/\/www.galerie-messmer.de\/fr\/friedrich-geiler-paysages-constructifs\/#breadcrumb"},"inLanguage":"fr-FR","potentialAction":[{"@type":"ReadAction","target":["https:\/\/www.galerie-messmer.de\/fr\/friedrich-geiler-paysages-constructifs\/"]}]},{"@type":"ImageObject","inLanguage":"fr-FR","@id":"https:\/\/www.galerie-messmer.de\/fr\/friedrich-geiler-paysages-constructifs\/#primaryimage","url":"https:\/\/www.galerie-messmer.de\/wp-content\/uploads\/2023\/08\/Original-Relief-2020-scaled.jpg","contentUrl":"https:\/\/www.galerie-messmer.de\/wp-content\/uploads\/2023\/08\/Original-Relief-2020-scaled.jpg","width":1080,"height":1080},{"@type":"BreadcrumbList","@id":"https:\/\/www.galerie-messmer.de\/fr\/friedrich-geiler-paysages-constructifs\/#breadcrumb","itemListElement":[{"@type":"ListItem","position":1,"name":"Startseite","item":"https:\/\/www.galerie-messmer.de\/fr\/domicile\/"},{"@type":"ListItem","position":2,"name":"Friedrich Geiler &#8211; Paysages constructifs"}]},{"@type":"WebSite","@id":"https:\/\/www.galerie-messmer.de\/fr\/#website","url":"https:\/\/www.galerie-messmer.de\/fr\/","name":"Galerie Messmer","description":"Die Kunstgalerie am Kaiserstuhl","publisher":{"@id":"https:\/\/www.galerie-messmer.de\/fr\/#organization"},"potentialAction":[{"@type":"SearchAction","target":{"@type":"EntryPoint","urlTemplate":"https:\/\/www.galerie-messmer.de\/fr\/?s={search_term_string}"},"query-input":{"@type":"PropertyValueSpecification","valueRequired":true,"valueName":"search_term_string"}}],"inLanguage":"fr-FR"},{"@type":"Organization","@id":"https:\/\/www.galerie-messmer.de\/fr\/#organization","name":"Galerie Messmer","url":"https:\/\/www.galerie-messmer.de\/fr\/","logo":{"@type":"ImageObject","inLanguage":"fr-FR","@id":"https:\/\/www.galerie-messmer.de\/fr\/#\/schema\/logo\/image\/","url":"https:\/\/www.galerie-messmer.de\/wp-content\/uploads\/2022\/03\/cropped-GalerieMessmerLogo.png","contentUrl":"https:\/\/www.galerie-messmer.de\/wp-content\/uploads\/2022\/03\/cropped-GalerieMessmerLogo.png","width":2000,"height":250,"caption":"Galerie Messmer"},"image":{"@id":"https:\/\/www.galerie-messmer.de\/fr\/#\/schema\/logo\/image\/"}},{"@type":"Person","@id":"https:\/\/www.galerie-messmer.de\/fr\/#\/schema\/person\/e16a7716632ed3aaf680bb16c41bb7d3","name":"ErikLachfeld","image":{"@type":"ImageObject","inLanguage":"fr-FR","@id":"https:\/\/secure.gravatar.com\/avatar\/7cb8fd4f7c13ceda851b4ed47641f0163f4d720ad9eab597d131e2944d37edd6?s=96&d=mm&r=g","url":"https:\/\/secure.gravatar.com\/avatar\/7cb8fd4f7c13ceda851b4ed47641f0163f4d720ad9eab597d131e2944d37edd6?s=96&d=mm&r=g","contentUrl":"https:\/\/secure.gravatar.com\/avatar\/7cb8fd4f7c13ceda851b4ed47641f0163f4d720ad9eab597d131e2944d37edd6?s=96&d=mm&r=g","caption":"ErikLachfeld"},"sameAs":["https:\/\/www.galerie-messmer.de"],"url":"https:\/\/www.galerie-messmer.de\/fr\/author\/eriklachfeld\/"}]}},"_links":{"self":[{"href":"https:\/\/www.galerie-messmer.de\/fr\/wp-json\/wp\/v2\/posts\/6607","targetHints":{"allow":["GET"]}}],"collection":[{"href":"https:\/\/www.galerie-messmer.de\/fr\/wp-json\/wp\/v2\/posts"}],"about":[{"href":"https:\/\/www.galerie-messmer.de\/fr\/wp-json\/wp\/v2\/types\/post"}],"author":[{"embeddable":true,"href":"https:\/\/www.galerie-messmer.de\/fr\/wp-json\/wp\/v2\/users\/1"}],"replies":[{"embeddable":true,"href":"https:\/\/www.galerie-messmer.de\/fr\/wp-json\/wp\/v2\/comments?post=6607"}],"version-history":[{"count":5,"href":"https:\/\/www.galerie-messmer.de\/fr\/wp-json\/wp\/v2\/posts\/6607\/revisions"}],"predecessor-version":[{"id":8802,"href":"https:\/\/www.galerie-messmer.de\/fr\/wp-json\/wp\/v2\/posts\/6607\/revisions\/8802"}],"wp:featuredmedia":[{"embeddable":true,"href":"https:\/\/www.galerie-messmer.de\/fr\/wp-json\/wp\/v2\/media\/5964"}],"wp:attachment":[{"href":"https:\/\/www.galerie-messmer.de\/fr\/wp-json\/wp\/v2\/media?parent=6607"}],"wp:term":[{"taxonomy":"category","embeddable":true,"href":"https:\/\/www.galerie-messmer.de\/fr\/wp-json\/wp\/v2\/categories?post=6607"},{"taxonomy":"post_tag","embeddable":true,"href":"https:\/\/www.galerie-messmer.de\/fr\/wp-json\/wp\/v2\/tags?post=6607"}],"curies":[{"name":"wp","href":"https:\/\/api.w.org\/{rel}","templated":true}]}}